{"Signatur": "VD_TC_031", "Spider": "VD_Omni", "Sprache": "fr", "Datum": "2015-09-22", "HTML": {"Datei": "VD_Omni/VD_TC_031_PE-2014-0378_2015-09-22.html", "URL": "http://www.jurisprudence.vd.ch/scripts/nph-omniscgi.exe?OmnisPlatform=WINDOWS&WebServerUrl=&WebServerScript=/scripts/nph-omniscgi.exe&OmnisLibrary=JURISWEB&OmnisClass=rtFindinfoWebHtmlService&OmnisServer=7001&Parametername=WWW_V4&Schema=VD_TA_WEB&Source=search.fiw&Aufruf=getMarkupDocument&cSprache=FRE&nF30_KEY=172081&W10_KEY=10550255&nTrefferzeile=41&Template=search/standard/results/document.fiw", "Checksum": "0a93b9f655e836b121cdd7fca75be950"}, "Scrapedate": "2023-01-01", "Num": ["PE.2014.0378"], "Kopfzeile": [{"Sprachen": ["fr", "de", "it"], "Text": "Vaud Tribunal cantonal Cour de droit administratif et public 22.09.2015 PE.2014.0378"}], "Meta": [{"Sprachen": ["de"], "Text": "Waadt  Cour de droit administratif et public"}, {"Sprachen": ["fr"], "Text": "Vaud Tribunal cantonal Cour de droit administratif et public"}, {"Sprachen": ["it"], "Text": "Vaud  Cour de droit administratif et public"}], "Abstract": [{"Sprachen": ["de", "fr", "it"], "Text": "A.X.________/Service de la population (SPOP) | Ressortissant alg\u00e9rien \u00e2g\u00e9 de 43 ans, arriv\u00e9 en Suisse \u00e0 l'\u00e2ge de 3 ans pour y rejoindre sa famille d'adoption, un couple suisse domicili\u00e9 dans le canton du Jura. Aucun jugement d'adoption n'a \u00e9t\u00e9 prononc\u00e9 (ni en Alg\u00e9rie ni en Suisse). L'int\u00e9ress\u00e9 a \u00e9t\u00e9 mis au b\u00e9n\u00e9fice d'une autorisation d'\u00e9tablissement. Les autorit\u00e9s jurasiennes ont rejet\u00e9 sa requ\u00eate de naturalisation et refus\u00e9 de prolonger son autorisation de s\u00e9jour car il \u00e9margeait \u00e0 l'aide sociale; l'int\u00e9ress\u00e9 a recouru et obtenu gain de cause, une nouvelle autorisation d'\u00e9tablissement lui a \u00e9t\u00e9 d\u00e9livr\u00e9e. \r\rEn 2013, il a quitt\u00e9 le Jura pour venir s'installer \u00e0 Vevey, o\u00f9 il a d\u00e9pos\u00e9 une demande de changement de canton; demande qui a \u00e9t\u00e9 refus\u00e9e car il \u00e9tait au RI. La capacit\u00e9 de travail du recourant est nulle depuis le 18 f\u00e9vrier 2014, en raison d'une grave maladie psychique, li\u00e9e \u00e0 son trouble identitaire. L'Office AI pour le canton de Vaud a accept\u00e9 d'entrer en mati\u00e8re sur la nouvelle demande AI de l'int\u00e9ress\u00e9.\r\rLa d\u00e9cision attaqu\u00e9e est donc pr\u00e9matur\u00e9e; elle doit \u00eatre annul\u00e9e et le dossier retourn\u00e9 \u00e0 l'autorit\u00e9 intim\u00e9e pour qu'elle compl\u00e8te l'instruction sur un \u00e9ventuel droit du recourant aux prestations de l'assurance-invalit\u00e9. Recours admis.\r"}], "ScrapyJob": "446973/40/2238", "Zeit UTC": "10.04.2026 22:39:04", "Checksum": "8f9242fd9d0fbcb288f2274484deedcc"}