{"Signatur": "VD_TC_031", "Spider": "VD_Omni", "Sprache": "fr", "Datum": "2015-10-28", "HTML": {"Datei": "VD_Omni/VD_TC_031_PE-2014-0495_2015-10-28.html", "URL": "http://www.jurisprudence.vd.ch/scripts/nph-omniscgi.exe?OmnisPlatform=WINDOWS&WebServerUrl=&WebServerScript=/scripts/nph-omniscgi.exe&OmnisLibrary=JURISWEB&OmnisClass=rtFindinfoWebHtmlService&OmnisServer=7001&Parametername=WWW_V4&Schema=VD_TA_WEB&Source=search.fiw&Aufruf=getMarkupDocument&cSprache=FRE&nF30_KEY=172247&W10_KEY=10550255&nTrefferzeile=1&Template=search/standard/results/document.fiw", "Checksum": "f4b414c179851585cbe32df06bdee8f0"}, "Scrapedate": "2023-01-01", "Num": ["PE.2014.0495"], "Kopfzeile": [{"Sprachen": ["fr", "de", "it"], "Text": "Vaud Tribunal cantonal Cour de droit administratif et public 28.10.2015 PE.2014.0495"}], "Meta": [{"Sprachen": ["de"], "Text": "Waadt  Cour de droit administratif et public"}, {"Sprachen": ["fr"], "Text": "Vaud Tribunal cantonal Cour de droit administratif et public"}, {"Sprachen": ["it"], "Text": "Vaud  Cour de droit administratif et public"}], "Abstract": [{"Sprachen": ["de", "fr", "it"], "Text": "X________/Service de la population (SPOP) | Le recourant ne remplit pas les conditions temporelles fix\u00e9es \u00e0 l'art. 34 al. 2 et 4 LEtr pour obtenir une autorisation d'\u00e9tablissement. Les p\u00e9riodes durant lesquelles le recourant a pu demeurer en Suisse au b\u00e9n\u00e9fice de l'effet suspensif de ses recours ne peuvent pas \u00eatre prises en compte (al. 1). Le recourant ne peut pas se pr\u00e9valoir de l'art. 50 al. 1 let. a LEtr d\u00e8s lors qu'il n'a pas fait m\u00e9nage commun en Suisse avec son \u00e9pouse durant trois ans. Pas de raisons personnelles majeures justifiant l'octroi d'une autorisation de s\u00e9jour en application de l'art. 50 al. 1 let. b LEtr d\u00e8s lors que le recourant a v\u00e9cu jusqu'\u00e0 l'\u00e2ge de 36 ans dans son pays d'origine (Cameroun) dans lequel il dispose d'un important r\u00e9seau familial, notamment ses deux enfants et leur m\u00e8re (consid. 2). Malgr\u00e9 la dur\u00e9e de son s\u00e9jour en Suisse (environ 15 ans) et sa bonne int\u00e9gration, pas de droit \u00e0 une autorisation de s\u00e9jour en application de l'art. 8 CEDH en relation avec la protection de la vie priv\u00e9e (consid. 3).\rRecours en mati\u00e8re de droit public au Tribunal f\u00e9d\u00e9ral rejet\u00e9 en tant que recevable et recours constitutionnel subsidiaire d\u00e9clar\u00e9 irrecevable (ATF 2C_1071/2015 du 8 mars 2016)."}], "ScrapyJob": "446973/40/2238", "Zeit UTC": "10.04.2026 22:38:01", "Checksum": "94a88379ed2b1a40ce7effbb8d999dfe"}