{"Signatur": "VD_TC_031", "Spider": "VD_Omni", "Sprache": "fr", "Datum": "2015-06-10", "HTML": {"Datei": "VD_Omni/VD_TC_031_PE-2015-0151_2015-06-10.html", "URL": "http://www.jurisprudence.vd.ch/scripts/nph-omniscgi.exe?OmnisPlatform=WINDOWS&WebServerUrl=&WebServerScript=/scripts/nph-omniscgi.exe&OmnisLibrary=JURISWEB&OmnisClass=rtFindinfoWebHtmlService&OmnisServer=7001&Parametername=WWW_V4&Schema=VD_TA_WEB&Source=search.fiw&Aufruf=getMarkupDocument&cSprache=FRE&nF30_KEY=171610&W10_KEY=10550255&nTrefferzeile=50&Template=search/standard/results/document.fiw", "Checksum": "b04eafbb17bf0fc4c59c2aa3388f58f9"}, "Scrapedate": "2023-01-01", "Num": ["PE.2015.0151"], "Kopfzeile": [{"Sprachen": ["fr", "de", "it"], "Text": "Vaud Tribunal cantonal Cour de droit administratif et public 10.06.2015 PE.2015.0151"}], "Meta": [{"Sprachen": ["de"], "Text": "Waadt  Cour de droit administratif et public"}, {"Sprachen": ["fr"], "Text": "Vaud Tribunal cantonal Cour de droit administratif et public"}, {"Sprachen": ["it"], "Text": "Vaud  Cour de droit administratif et public"}], "Abstract": [{"Sprachen": ["de", "fr", "it"], "Text": "A.X.________ c/Service de la population (SPOP) | Rejet du recours form\u00e9 contre une d\u00e9cision du SPOP en mati\u00e8re de refus d'autorisation d'entr\u00e9e en Suisse et de s\u00e9jour par regroupement familial.\r\rLe regroupement familial doit \u00eatre demand\u00e9 dans un d\u00e9lai de 5 ans, respectivement de 12 mois pour les enfants de plus de 12 ans; ces d\u00e9lais commencent \u00e0 courir \u00e0 l'entr\u00e9e en vigueur de la LEtr lorsque l'entr\u00e9e en Suisse du parent ou l'\u00e9tablissement du lien familial sont ant\u00e9rieurs \u00e0 cette date. Demande de regroupement familial tardive en l'esp\u00e8ce.\r\rPass\u00e9 ces d\u00e9lais, le regroupement familial n'est autoris\u00e9 que pour des raisons familiales majeures, ni\u00e9es en l'occurrence s'agissant d'un ressortissant de Bosnie-et-Herz\u00e9govine \u00e2g\u00e9 de 16 ans au moment de la demande, ayant v\u00e9cu depuis l'\u00e2ge de 1 an dans son pays d'origine, qui ne pr\u00e9tend pas que sa grand-m\u00e8re chez laquelle il vit d\u00e9sormais ne pourrait plus le prendre en charge et dont les besoins mat\u00e9riels peuvent \u00eatre satisfaits par son p\u00e8re depuis la Suisse. Le fait que sa demande vise \u00e0 lui offrir une formation et lui garantir un meilleur avenir professionnel constitue un but \u00e9tranger \u00e0 l'institution du regroupement familial.\r\r"}], "ScrapyJob": "446973/40/2238", "Zeit UTC": "10.04.2026 22:44:07", "Checksum": "111e2ea6fd363cefd248cf5277056022"}