{"Signatur": "VD_TC_031", "Spider": "VD_Omni", "Sprache": "fr", "Datum": "2015-08-05", "HTML": {"Datei": "VD_Omni/VD_TC_031_PE-2015-0240_2015-08-05.html", "URL": "http://www.jurisprudence.vd.ch/scripts/nph-omniscgi.exe?OmnisPlatform=WINDOWS&WebServerUrl=&WebServerScript=/scripts/nph-omniscgi.exe&OmnisLibrary=JURISWEB&OmnisClass=rtFindinfoWebHtmlService&OmnisServer=7001&Parametername=WWW_V4&Schema=VD_TA_WEB&Source=search.fiw&Aufruf=getMarkupDocument&cSprache=FRE&nF30_KEY=171874&W10_KEY=10550255&nTrefferzeile=11&Template=search/standard/results/document.fiw", "Checksum": "46917c1ea3cb506b68c1349f54b8b915"}, "Scrapedate": "2023-01-01", "Num": ["PE.2015.0240"], "Kopfzeile": [{"Sprachen": ["fr", "de", "it"], "Text": "Vaud Tribunal cantonal Cour de droit administratif et public 05.08.2015 PE.2015.0240"}], "Meta": [{"Sprachen": ["de"], "Text": "Waadt  Cour de droit administratif et public"}, {"Sprachen": ["fr"], "Text": "Vaud Tribunal cantonal Cour de droit administratif et public"}, {"Sprachen": ["it"], "Text": "Vaud  Cour de droit administratif et public"}], "Abstract": [{"Sprachen": ["de", "fr", "it"], "Text": "A.B.X.________/Service de la population (SPOP) | Recours form\u00e9 par un ressortissant fran\u00e7ais contre la d\u00e9cision du SPOP pronon\u00e7ant son renvoi de Suisse. Le recourant, qui a fait l'objet de plusieurs condamnations p\u00e9nales et n'a pas de titre de s\u00e9jour valable, se contente de requ\u00e9rir la r\u00e9gularisation de son statut pour pouvoir \u00e9lever sa fille (n\u00e9e en 2010 \u00e0 Lausanne) en Suisse. L'int\u00e9ress\u00e9 pr\u00e9cise lui-m\u00eame qu'il doit encore reconna\u00eetre l'enfant - de sorte qu'en l'\u00e9tat, elle ne saurait \u00eatre consid\u00e9r\u00e9e comme sa fille sous l'angle juridique. Il n'est en outre aucunement \u00e9tabli ni m\u00eame all\u00e9gu\u00e9 qu'il aurait entretenu des contacts r\u00e9guliers avec l'enfant et qu'il aurait pourvu \u00e0 son entretien; il n'appara\u00eet pas, en particulier, qu'il aurait fait m\u00e9nage commun avec la m\u00e8re de l'enfant (\u00e0 tout le moins depuis la naissance de cette derni\u00e8re). Recours manifestement mal fond\u00e9, rejet\u00e9 par d\u00e9cision imm\u00e9diate.\r(Recours au TF manifestement irrecevable par arr\u00eat 2C_726/2015 du 2 septembre 2015)"}], "ScrapyJob": "446973/40/2238", "Zeit UTC": "10.04.2026 22:41:48", "Checksum": "0b2b4a400b045460e9ad7186c5de1e61"}