{"Signatur": "VD_TC_031", "Spider": "VD_Omni", "Sprache": "fr", "Datum": "2016-03-09", "HTML": {"Datei": "VD_Omni/VD_TC_031_PE-2015-0411_2016-03-09.html", "URL": "http://www.jurisprudence.vd.ch/scripts/nph-omniscgi.exe?OmnisPlatform=WINDOWS&WebServerUrl=&WebServerScript=/scripts/nph-omniscgi.exe&OmnisLibrary=JURISWEB&OmnisClass=rtFindinfoWebHtmlService&OmnisServer=7001&Parametername=WWW_V4&Schema=VD_TA_WEB&Source=search.fiw&Aufruf=getMarkupDocument&cSprache=FRE&nF30_KEY=172889&W10_KEY=10550255&nTrefferzeile=1&Template=search/standard/results/document.fiw", "Checksum": "59b5112bda43deb865a17cb19ba1b46c"}, "Scrapedate": "2023-01-01", "Num": ["PE.2015.0411"], "Kopfzeile": [{"Sprachen": ["fr", "de", "it"], "Text": "Vaud Tribunal cantonal Cour de droit administratif et public 09.03.2016 PE.2015.0411"}], "Meta": [{"Sprachen": ["de"], "Text": "Waadt  Cour de droit administratif et public"}, {"Sprachen": ["fr"], "Text": "Vaud Tribunal cantonal Cour de droit administratif et public"}, {"Sprachen": ["it"], "Text": "Vaud  Cour de droit administratif et public"}], "Abstract": [{"Sprachen": ["de", "fr", "it"], "Text": "A.X.________/Service de la population (SPOP), Office des curatelles et tutelles professionnelles | Refus de transformer l'admission provisoire du recourant, ressortissant turc d'origine kurde, en autorisation de s\u00e9jour. Le recourant n'a acquis son ind\u00e9pendance financi\u00e8re que tr\u00e8s r\u00e9cemment, gr\u00e2ce aux prestations de l'AI, et a accumul\u00e9 des dettes. Sa famille, dont il est s\u00e9par\u00e9 mais qui reste \u00e0 sa charge, d\u00e9pend toujours des prestations de l'EVAM. Il a en outre \u00e9t\u00e9 condamn\u00e9 p\u00e9nalement; ses troubles psychiques n'ont conduit qu'\u00e0 une diminution partielle de sa responsabilit\u00e9 p\u00e9nale. L'art. 8 CEDH ne peut \u00eatre invoqu\u00e9 qu'en pr\u00e9sence d'une mesure \u00e9tatique d'\u00e9loignement aboutissant \u00e0 la s\u00e9paration de la famille, ce qui n'est pas le cas en l'esp\u00e8ce, le recourant pouvant de toute fa\u00e7on continuer \u00e0 demeurer en Suisse au b\u00e9n\u00e9fice de son livret F. La mauvaise int\u00e9gration du recourant et l'absence de liens particuliers avec notre pays s'opposent ainsi \u00e0 la conversion de son admission provisoire en autorisation de s\u00e9jour. Le seul fait qu'un retour dans le pays de provenance ne soit vraisemblablement pas exigible \u00e0 l'heure actuelle ne suffit pas \u00e0 renverser ce constat."}], "ScrapyJob": "446973/40/2238", "Zeit UTC": "10.04.2026 22:31:56", "Checksum": "7444b38378bd432028c92894003995ee"}