{"Signatur": "VD_TC_031", "Spider": "VD_Omni", "Sprache": "fr", "Datum": "2016-04-08", "HTML": {"Datei": "VD_Omni/VD_TC_031_PE-2016-0049_2016-04-08.html", "URL": "http://www.jurisprudence.vd.ch/scripts/nph-omniscgi.exe?OmnisPlatform=WINDOWS&WebServerUrl=&WebServerScript=/scripts/nph-omniscgi.exe&OmnisLibrary=JURISWEB&OmnisClass=rtFindinfoWebHtmlService&OmnisServer=7001&Parametername=WWW_V4&Schema=VD_TA_WEB&Source=search.fiw&Aufruf=getMarkupDocument&cSprache=FRE&nF30_KEY=173054&W10_KEY=10550255&nTrefferzeile=47&Template=search/standard/results/document.fiw", "Checksum": "4a60b281422ea4d86dfba6185392cd2e"}, "Scrapedate": "2023-01-01", "Num": ["PE.2016.0049"], "Kopfzeile": [{"Sprachen": ["fr", "de", "it"], "Text": "Vaud Tribunal cantonal Cour de droit administratif et public 08.04.2016 PE.2016.0049"}], "Meta": [{"Sprachen": ["de"], "Text": "Waadt  Cour de droit administratif et public"}, {"Sprachen": ["fr"], "Text": "Vaud Tribunal cantonal Cour de droit administratif et public"}, {"Sprachen": ["it"], "Text": "Vaud  Cour de droit administratif et public"}], "Abstract": [{"Sprachen": ["de", "fr", "it"], "Text": "A.X.________/Service de la population (SPOP) | Confirmation de la r\u00e9vocation des autorisations de s\u00e9jour d'une ressortissante espagnole et de sa fille: la recourante ne peut plus pr\u00e9tendre \u00e0 une autorisation de s\u00e9jour fond\u00e9e sur l'art. 12 par. 1 annexe I ALCP, puisqu'elle a cess\u00e9 d'exercer son activit\u00e9 ind\u00e9pendante de masseuse et n'envisage pas de la reprendre; elle ne remplit par ailleurs pas les conditions permettant de b\u00e9n\u00e9ficier d'un droit de demeurer au sens de l'art. 4 annexe I ALCP; une autorisation de s\u00e9jour ne saurait non plus lui \u00eatre d\u00e9livr\u00e9e en application de l'art. 2 annexe I ALCP, en vue de rechercher un emploi, dans la mesure o\u00f9 elle ne dispose pas des moyens suffisants pour subvenir \u00e0 son entretien; un cas de rigueur au sens de l'art. 20 OLCP n'entre pas non plus en consid\u00e9ration (elle ne s\u00e9journe en Suisse que depuis moins de 2 ans; ne ma\u00eetrise pas le fran\u00e7ais; n'a exerc\u00e9 une activit\u00e9 lucrative que pendant quelques mois avant d'\u00e9marger \u00e0 l'aide sociale)."}], "ScrapyJob": "446973/40/2238", "Zeit UTC": "10.04.2026 22:29:11", "Checksum": "080e97d049070e70e3e8d714e4a2b6fb"}