{"Signatur": "VD_TC_031", "Spider": "VD_Omni", "Sprache": "fr", "Datum": "2017-11-24", "HTML": {"Datei": "VD_Omni/VD_TC_031_PE-2016-0204_2017-11-24.html", "URL": "http://www.jurisprudence.vd.ch/scripts/nph-omniscgi.exe?OmnisPlatform=WINDOWS&WebServerUrl=&WebServerScript=/scripts/nph-omniscgi.exe&OmnisLibrary=JURISWEB&OmnisClass=rtFindinfoWebHtmlService&OmnisServer=7001&Parametername=WWW_V4&Schema=VD_TA_WEB&Source=search.fiw&Aufruf=getMarkupDocument&cSprache=FRE&nF30_KEY=175315&W10_KEY=10550255&nTrefferzeile=46&Template=search/standard/results/document.fiw", "Checksum": "4b21af292f05f315c8cbd88d32fed3f7"}, "Scrapedate": "2023-01-01", "Num": ["PE.2016.0204"], "Kopfzeile": [{"Sprachen": ["fr", "de", "it"], "Text": "Vaud Tribunal cantonal Cour de droit administratif et public 24.11.2017 PE.2016.0204"}], "Meta": [{"Sprachen": ["de"], "Text": "Waadt  Cour de droit administratif et public"}, {"Sprachen": ["fr"], "Text": "Vaud Tribunal cantonal Cour de droit administratif et public"}, {"Sprachen": ["it"], "Text": "Vaud  Cour de droit administratif et public"}], "Abstract": [{"Sprachen": ["de", "fr", "it"], "Text": "A.________/Service de la population (SPOP) | Recours d'une ressortissante de la RDC titulaire d'une autorisation de s\u00e9jour contre la d\u00e9cision du SPOP refusant d'autoriser le regroupement familial en faveur de son fils n\u00e9 en 2000. Les d\u00e9lais au regroupement familial \u00e9tant \u00e9chus, le tribunal examine la probl\u00e9matique sous l'angle des circonstances personnelles majeures (art. 47 al. 4 LEtr) et de la jurisprudence rendue en la mati\u00e8re. Des modifications importantes sont intervenues dans la prise en charge du fils de la recourante en RDC puisque sa grand-m\u00e8re - qui s'occupait alors de lui - est d\u00e9c\u00e9d\u00e9e. Il n'existe aucune alternative possible de prise en charge dans son pays d'origine puisque qu'il a quitt\u00e9 le domicile de son p\u00e8re alors qu'il avait douze ans et qu'il s\u00e9journe d\u00e9sormais dans un orphelinat de fortune. Sa garde a \u00e9t\u00e9 attribu\u00e9e \u00e0 la recourante par jugement de 2015. Le fait qu'il soit bient\u00f4t majeur est d\u00fb \u00e0 la lenteur et aux al\u00e9as de la proc\u00e9dure, puisqu'il avait quinze ans lors du d\u00e9p\u00f4t de la demande. De plus, il \u00e9tait impossible pour la recourante d'agir avant puisqu'elle n'a obtenu son propre permis qu'en 2010 et qu'elle a entrepris des d\u00e9marches concr\u00e8tes directement apr\u00e8s, en 2011. Elle n'a en outre obtenu la garde de son fils qu'en 2015. Par ailleurs, la recourante, son mari et sa fille en Suisse ont toujours entretenu des contacts avec l'int\u00e9ress\u00e9 et elle a financi\u00e8rement contribu\u00e9 \u00e0 son entretien depuis 2011. Ces \u00e9l\u00e9ments ont ainsi forg\u00e9 la conviction du tribunal que les conditions l\u00e9gales au regroupement familial diff\u00e9r\u00e9 \u00e9taient r\u00e9alis\u00e9es, de sorte que le recours est admis."}], "ScrapyJob": "446973/40/2238", "Zeit UTC": "10.04.2026 22:05:16", "Checksum": "24685ab8836ed45cb083221466a8c1e9"}