{"Signatur": "VD_TC_031", "Spider": "VD_Omni", "Sprache": "fr", "Datum": "2017-04-13", "HTML": {"Datei": "VD_Omni/VD_TC_031_PE-2016-0254_2017-04-13.html", "URL": "http://www.jurisprudence.vd.ch/scripts/nph-omniscgi.exe?OmnisPlatform=WINDOWS&WebServerUrl=&WebServerScript=/scripts/nph-omniscgi.exe&OmnisLibrary=JURISWEB&OmnisClass=rtFindinfoWebHtmlService&OmnisServer=7001&Parametername=WWW_V4&Schema=VD_TA_WEB&Source=search.fiw&Aufruf=getMarkupDocument&cSprache=FRE&nF30_KEY=174506&W10_KEY=10550255&nTrefferzeile=40&Template=search/standard/results/document.fiw", "Checksum": "c05da900a1a5f5ae1ced59c922f9c50a"}, "Scrapedate": "2023-01-01", "Num": ["PE.2016.0254"], "Kopfzeile": [{"Sprachen": ["fr", "de", "it"], "Text": "Vaud Tribunal cantonal Cour de droit administratif et public 13.04.2017 PE.2016.0254"}], "Meta": [{"Sprachen": ["de"], "Text": "Waadt  Cour de droit administratif et public"}, {"Sprachen": ["fr"], "Text": "Vaud Tribunal cantonal Cour de droit administratif et public"}, {"Sprachen": ["it"], "Text": "Vaud  Cour de droit administratif et public"}], "Abstract": [{"Sprachen": ["de", "fr", "it"], "Text": "A.________/Service de la population (SPOP), Service de l'emploi Contr\u00f4le du march\u00e9 du travail | Ressortissant guin\u00e9en, install\u00e9 \u00e0 Evian, titulaire d'une carte de s\u00e9jour temporaire en France avec la mention \"vie priv\u00e9e et familiale\". Engag\u00e9 en Suisse par une soci\u00e9t\u00e9 \u00e0 Assens, une demande de titre de s\u00e9jour pour l'exercice d'une activit\u00e9 lucrative de plus de trois mois a \u00e9t\u00e9 d\u00e9pos\u00e9e. Refus du SDE.\r1) ALCP pas applicable \u00e9tant donn\u00e9 la nationalit\u00e9 guin\u00e9enne du ressortissant.\r2) Assens ne fait pas partie de la zone frontali\u00e8re de la zone l\u00e9manique au sens des accords conclus en 1946 et 1958 entre la Suisse et la France, de sorte que les conditions de l'art. 25 LEtr et de l'art. 1 de l'Accord 1958 ne sont pas r\u00e9alis\u00e9es.\r3) La recourante n'a pas apport\u00e9 la preuve qu'elle aurait recherch\u00e9 un candidat sur le march\u00e9 indig\u00e8ne de l'emploi avant d'engager l'int\u00e9r\u00e9ss\u00e9. Le principe de priorit\u00e9 du march\u00e9 indig\u00e8ne n'a pas \u00e9t\u00e9 respect\u00e9 (art. 21 et 25 LEtr).\rRejet du recours."}], "ScrapyJob": "446973/40/2238", "Zeit UTC": "10.04.2026 22:13:05", "Checksum": "ddc62c01451622b96b29a0b5e1aa3b01"}