{"Signatur": "VD_TC_031", "Spider": "VD_Omni", "Sprache": "fr", "Datum": "2016-10-11", "HTML": {"Datei": "VD_Omni/VD_TC_031_PE-2016-0277_2016-10-11.html", "URL": "http://www.jurisprudence.vd.ch/scripts/nph-omniscgi.exe?OmnisPlatform=WINDOWS&WebServerUrl=&WebServerScript=/scripts/nph-omniscgi.exe&OmnisLibrary=JURISWEB&OmnisClass=rtFindinfoWebHtmlService&OmnisServer=7001&Parametername=WWW_V4&Schema=VD_TA_WEB&Source=search.fiw&Aufruf=getMarkupDocument&cSprache=FRE&nF30_KEY=173771&W10_KEY=10550255&nTrefferzeile=29&Template=search/standard/results/document.fiw", "Checksum": "53450a5e5190456607b8fa9c85697d55"}, "Scrapedate": "2023-01-01", "Num": ["PE.2016.0277"], "Kopfzeile": [{"Sprachen": ["fr", "de", "it"], "Text": "Vaud Tribunal cantonal Cour de droit administratif et public 11.10.2016 PE.2016.0277"}], "Meta": [{"Sprachen": ["de"], "Text": "Waadt  Cour de droit administratif et public"}, {"Sprachen": ["fr"], "Text": "Vaud Tribunal cantonal Cour de droit administratif et public"}, {"Sprachen": ["it"], "Text": "Vaud  Cour de droit administratif et public"}], "Abstract": [{"Sprachen": ["de", "fr", "it"], "Text": "A.________, B.________/Service de l'emploi Contr\u00f4le du march\u00e9 du travail, Service de la population (SPOP) | Refus confirm\u00e9 de d\u00e9livrer une autorisation de s\u00e9jour avec activit\u00e9 lucrative en faveur d'un ressortissant kosovar engag\u00e9 comme aide de cuisine. Une telle activit\u00e9 n'est en effet pas celle d'un sp\u00e9cialiste au sens de l'art. 23 LEtr et il n'est pas \u00e9tabli que l'employeur a d\u00e9ploy\u00e9 des efforts suffisants pour trouver un employ\u00e9 sur le march\u00e9 indig\u00e8ne. Par ailleurs, le recourant est un requ\u00e9rant d'asile d\u00e9bout\u00e9 faisant l'objet d'une d\u00e9cision de renvoi ex\u00e9cutoire. L'art. 14 al. 1 LAsi ne l'autorise ainsi pas \u00e0 requ\u00e9rir une autorisation de s\u00e9jour relevant du droit des \u00e9trangers, \u00e0 moins qu'il n'y ait droit. Le recourant n'invoque toutefois aucune disposition du droit f\u00e9d\u00e9ral ou du droit international en ce sens, mais se borne \u00e0 expliquer qu'il travaille en Suisse - ill\u00e9galement - depuis de nombreuses ann\u00e9es, paie des cotisations sociales, ma\u00eetrise le fran\u00e7ais et est bien int\u00e9gr\u00e9. Le principe de l'exclusivit\u00e9 de la proc\u00e9dure d'asile lui est d\u00e8s lors opposable.\r"}], "ScrapyJob": "446973/40/2238", "Zeit UTC": "10.04.2026 22:19:43", "Checksum": "2f249c94fe597371f95a1322921a1c55"}