{"Signatur": "VD_TC_031", "Spider": "VD_Omni", "Sprache": "fr", "Datum": "2017-01-11", "HTML": {"Datei": "VD_Omni/VD_TC_031_PE-2016-0392_2017-01-11.html", "URL": "http://www.jurisprudence.vd.ch/scripts/nph-omniscgi.exe?OmnisPlatform=WINDOWS&WebServerUrl=&WebServerScript=/scripts/nph-omniscgi.exe&OmnisLibrary=JURISWEB&OmnisClass=rtFindinfoWebHtmlService&OmnisServer=7001&Parametername=WWW_V4&Schema=VD_TA_WEB&Source=search.fiw&Aufruf=getMarkupDocument&cSprache=FRE&nF30_KEY=174161&W10_KEY=10550255&nTrefferzeile=9&Template=search/standard/results/document.fiw", "Checksum": "25813d1ee90a78fe0c1c6db44b8832cc"}, "Scrapedate": "2023-01-01", "Num": ["PE.2016.0392"], "Kopfzeile": [{"Sprachen": ["fr", "de", "it"], "Text": "Vaud Tribunal cantonal Cour de droit administratif et public 11.01.2017 PE.2016.0392"}], "Meta": [{"Sprachen": ["de"], "Text": "Waadt  Cour de droit administratif et public"}, {"Sprachen": ["fr"], "Text": "Vaud Tribunal cantonal Cour de droit administratif et public"}, {"Sprachen": ["it"], "Text": "Vaud  Cour de droit administratif et public"}], "Abstract": [{"Sprachen": ["de", "fr", "it"], "Text": "A.________, B.________, C.________/Service de la population (SPOP) | L'autorit\u00e9 intim\u00e9e n'a pas abus\u00e9 de son pouvoir d'appr\u00e9ciation en refusant de d\u00e9livrer au recourant une autorisation de s\u00e9jour. Ressortissant kosovar, celui-ci a v\u00e9cu en Suisse durant environ 25 ans, dont onze ans \u00e0 tout le moins en toute ill\u00e9galit\u00e9. Revenu en Suisse sans autorisation, son \u00e9pouse et son fils l'y ont rejoint. Les liens du recourant reposent, pour l\u2019essentiel, sur des relations professionnelles et ne peuvent d\u00e8s lors \u00eatre qualifi\u00e9es de particuli\u00e8rement intenses. Son int\u00e9gration n'est pas particuli\u00e8rement r\u00e9ussie puisqu'il est entr\u00e9 ill\u00e9galement en Suisse et y a poursuivi son s\u00e9jour en d\u00e9pit de ce qui pr\u00e9c\u00e8de. Aucun \u00e9l\u00e9ment ne permet de retenir que la relation du recourant avec la Suisse soit si \u00e9troite, au point que l\u2019on ne puisse exiger de sa part qu\u2019il retourne au Kosovo, o\u00f9 vivent du reste ses trois autres enfants, majeurs. \rD\u00e8s lors que les conditions permettant au recourant de pr\u00e9tendre \u00e0 l\u2019octroi d\u2019une autorisation de s\u00e9jour ne sont pas remplies, son \u00e9pouse et son fils cadet ne sont pas fond\u00e9s \u00e0 invoquer le regroupement familial en leur faveur.\rRecours au TF d\u00e9clar\u00e9 irrecevable par arr\u00eat 2C_170/2017 du 15 f\u00e9vrier 2017."}], "ScrapyJob": "446973/40/2238", "Zeit UTC": "10.04.2026 22:20:33", "Checksum": "63cb83ad5b0b2b806fd5f74e375c6df7"}