{"Signatur": "VD_TC_031", "Spider": "VD_Omni", "Sprache": "fr", "Datum": "2017-10-31", "HTML": {"Datei": "VD_Omni/VD_TC_031_PE-2016-0436_2017-10-31.html", "URL": "http://www.jurisprudence.vd.ch/scripts/nph-omniscgi.exe?OmnisPlatform=WINDOWS&WebServerUrl=&WebServerScript=/scripts/nph-omniscgi.exe&OmnisLibrary=JURISWEB&OmnisClass=rtFindinfoWebHtmlService&OmnisServer=7001&Parametername=WWW_V4&Schema=VD_TA_WEB&Source=search.fiw&Aufruf=getMarkupDocument&cSprache=FRE&nF30_KEY=175208&W10_KEY=10550255&nTrefferzeile=28&Template=search/standard/results/document.fiw", "Checksum": "d47f592dace5ab027bb6135fb2306ddf"}, "Scrapedate": "2023-01-01", "Num": ["PE.2016.0436"], "Kopfzeile": [{"Sprachen": ["fr", "de", "it"], "Text": "Vaud Tribunal cantonal Cour de droit administratif et public 31.10.2017 PE.2016.0436"}], "Meta": [{"Sprachen": ["de"], "Text": "Waadt  Cour de droit administratif et public"}, {"Sprachen": ["fr"], "Text": "Vaud Tribunal cantonal Cour de droit administratif et public"}, {"Sprachen": ["it"], "Text": "Vaud  Cour de droit administratif et public"}], "Abstract": [{"Sprachen": ["de", "fr", "it"], "Text": "A.________/D\u00e9partement de l'\u00e9conomie et du sport (DECS) | Recours de l'OCTP contre la d\u00e9cision de r\u00e9vocation de l'autorisation d'\u00e9tablissement d'une ressortissante espagnole \u00e2g\u00e9e de 45 ans et en Suisse depuis 40 ans par le Chef du DES. Elle ex\u00e9cute actuellement une peine p\u00e9nale substitu\u00e9e par une mesure institutionnelle. La d\u00e9cision attaqu\u00e9e n'est pas pr\u00e9matur\u00e9e puisqu'il importe que l'int\u00e9ress\u00e9e connaisse son statut de s\u00e9jour au terme de sa mesure. Par ailleurs, si les circonstances changent dans une mesure notable \u00e0 ce moment, elle pourra r\u00e9clamer le r\u00e9examen du prononc\u00e9 (c. 3). Les conditions des art. 62 let. b LEtr par renvoi de l'art. 63 al. 1 let. a LEtr et de l'art. 5 al. 1 annexe I ACLP sont r\u00e9alis\u00e9es puisque l'int\u00e9ress\u00e9e a \u00e9t\u00e9 condamn\u00e9e \u00e0 maintes reprises, derni\u00e8rement \u00e0 une peine privative de libert\u00e9 de 32 mois pour avoir notamment poignard\u00e9 une personne. Par ailleurs, son comportement a \u00e9t\u00e9 qualifi\u00e9 de grave au vu non seulement de la fr\u00e9quence des infractions commises mais \u00e9galement de leur gravit\u00e9 (c. 4). Une \u00e9ventuelle lib\u00e9ration conditionnelle n'aurait pas d'impact sur cette d\u00e9cision sous l'angle de la police des \u00e9trangers puisqu'un risque r\u00e9siduel de r\u00e9cidive subsistera nonobstant le pronostic favorable des autorit\u00e9s p\u00e9nales (c. 5). Enfin, cette r\u00e9vocation est proportionn\u00e9e vu l'incapacit\u00e9 de l'int\u00e9ress\u00e9e \u00e0 se conformer \u00e0 l'ordre juridique suisse, la gravit\u00e9 des actes commis et les multiples \u00e9checs des suivis th\u00e9rapeutiques dont elle a b\u00e9n\u00e9fici\u00e9 jusqu'\u00e0 ce jour (c. 6). Le recours est rejet\u00e9."}], "ScrapyJob": "446973/40/2238", "Zeit UTC": "10.04.2026 22:06:33", "Checksum": "0a73a04accdee6c6c9d92569b76d0705"}