{"Signatur": "VD_TC_031", "Spider": "VD_Omni", "Sprache": "fr", "Datum": "2017-05-29", "HTML": {"Datei": "VD_Omni/VD_TC_031_PE-2016-0460_2017-05-29.html", "URL": "http://www.jurisprudence.vd.ch/scripts/nph-omniscgi.exe?OmnisPlatform=WINDOWS&WebServerUrl=&WebServerScript=/scripts/nph-omniscgi.exe&OmnisLibrary=JURISWEB&OmnisClass=rtFindinfoWebHtmlService&OmnisServer=7001&Parametername=WWW_V4&Schema=VD_TA_WEB&Source=search.fiw&Aufruf=getMarkupDocument&cSprache=FRE&nF30_KEY=174671&W10_KEY=10550255&nTrefferzeile=8&Template=search/standard/results/document.fiw", "Checksum": "01e97d184a65ae197e6cd60b25e70f9c"}, "Scrapedate": "2023-01-01", "Num": ["PE.2016.0460"], "Kopfzeile": [{"Sprachen": ["fr", "de", "it"], "Text": "Vaud Tribunal cantonal Cour de droit administratif et public 29.05.2017 PE.2016.0460"}], "Meta": [{"Sprachen": ["de"], "Text": "Waadt  Cour de droit administratif et public"}, {"Sprachen": ["fr"], "Text": "Vaud Tribunal cantonal Cour de droit administratif et public"}, {"Sprachen": ["it"], "Text": "Vaud  Cour de droit administratif et public"}], "Abstract": [{"Sprachen": ["de", "fr", "it"], "Text": "A.________/Service de la population (SPOP), EVAM, Etablissement vaudois d'accueil des migrants | Annulation de la d\u00e9cision refusant la transformation de l'admission provisoire d'une ressortissante kosovare de Serbie, \u00e2g\u00e9e de 64 ans, en autorisation de s\u00e9jour. Analphab\u00e8te et veuve de guerre, l'int\u00e9ress\u00e9e vit en Suisse depuis 16 ans; elle a toujours \u00e9t\u00e9 assist\u00e9e et repr\u00e9sente un cas tr\u00e8s exceptionnel. Il n\u2019est pas raisonnable d\u2019exiger aujourd\u2019hui de sa part qu\u2019elle entreprenne davantage d\u2019efforts en vue d\u2019am\u00e9liorer son int\u00e9gration, ceci en vue de repr\u00e9senter \u00e9ventuellement ult\u00e9rieurement une demande d'autorisation de s\u00e9jour. En outre, \u00e0 une int\u00e9gration sociale et professionnelle quasiment inexistante s'opposent le caract\u00e8re non fautif de cette insuffisance et les liens que l'int\u00e9ress\u00e9e entretient avec deux de ses enfants, qui ont acquis la nationalit\u00e9 suisse."}], "ScrapyJob": "446973/40/2238", "Zeit UTC": "10.04.2026 22:21:29", "Checksum": "2fa6902e2785d907777f55080ddcaeb0"}