{"Signatur": "VD_TC_031", "Spider": "VD_Omni", "Sprache": "fr", "Datum": "2017-06-06", "HTML": {"Datei": "VD_Omni/VD_TC_031_PE-2016-0474_2017-06-06.html", "URL": "http://www.jurisprudence.vd.ch/scripts/nph-omniscgi.exe?OmnisPlatform=WINDOWS&WebServerUrl=&WebServerScript=/scripts/nph-omniscgi.exe&OmnisLibrary=JURISWEB&OmnisClass=rtFindinfoWebHtmlService&OmnisServer=7001&Parametername=WWW_V4&Schema=VD_TA_WEB&Source=search.fiw&Aufruf=getMarkupDocument&cSprache=FRE&nF30_KEY=174684&W10_KEY=10550255&nTrefferzeile=36&Template=search/standard/results/document.fiw", "Checksum": "aef453618c47b06d0dbebb04b5ca3acb"}, "Scrapedate": "2023-01-01", "Num": ["PE.2016.0474"], "Kopfzeile": [{"Sprachen": ["fr", "de", "it"], "Text": "Vaud Tribunal cantonal Cour de droit administratif et public 06.06.2017 PE.2016.0474"}], "Meta": [{"Sprachen": ["de"], "Text": "Waadt  Cour de droit administratif et public"}, {"Sprachen": ["fr"], "Text": "Vaud Tribunal cantonal Cour de droit administratif et public"}, {"Sprachen": ["it"], "Text": "Vaud  Cour de droit administratif et public"}], "Abstract": [{"Sprachen": ["de", "fr", "it"], "Text": "A.________/Service de la population (SPOP) | Ressortissant kosovar, le recourant et son \u00e9pouse, de nationalit\u00e9 suisse, ont fait m\u00e9nage commun durant trois ans au moins. Toutefois, depuis qu\u2019il est entr\u00e9 en Suisse, le recourant n\u2019a fait preuve d\u2019aucune consid\u00e9ration pour l\u2019ordre juridique suisse, puisque sur une p\u00e9riode de sept ans \u00e0 peine, il a \u00e9t\u00e9 condamn\u00e9 \u00e0 neuf reprises \u00e0 des peines qui totalisent 217 jours-amende et 790 fr. d\u2019amende, auxquels s\u2019ajoutent une peine privative de libert\u00e9 de trente jours et soixante heures de travail d\u2019int\u00e9r\u00eat g\u00e9n\u00e9ral. Il a du reste poursuivi son activit\u00e9 d\u00e9lictueuse, au m\u00e9pris total des condamnations dont il a pr\u00e9c\u00e9demment fait l\u2019objet. Par cons\u00e9quent, m\u00eame s'il exploite sa propre entreprise, il n\u2019est pas possible de retenir, au vu de ce qui pr\u00e9c\u00e8de, que l\u2019int\u00e9gration du recourant soit r\u00e9ussie. Enfin, il ne repr\u00e9sente nullement un cas de rigueur, de sorte que l\u2019autorit\u00e9 intim\u00e9e n\u2019a donc pas abus\u00e9 de son pouvoir d\u2019appr\u00e9ciation en refusant la prolongation de son autorisation de s\u00e9jour. Peu importe qu'en sus, il ait fourni de fausses informations \u00e0 l'autorit\u00e9 lors du changement de canton.\rRecours au TF rejet\u00e9 par arr\u00eat du 14 novembre 2017 (2C_620/2017)."}], "ScrapyJob": "446973/40/2238", "Zeit UTC": "10.04.2026 22:11:31", "Checksum": "f3d4181a292e4b6ca0b159b6da0acb19"}