{"Signatur": "VD_TC_031", "Spider": "VD_Omni", "Sprache": "fr", "Datum": "2017-10-31", "HTML": {"Datei": "VD_Omni/VD_TC_031_PE-2017-0002_2017-10-31.html", "URL": "http://www.jurisprudence.vd.ch/scripts/nph-omniscgi.exe?OmnisPlatform=WINDOWS&WebServerUrl=&WebServerScript=/scripts/nph-omniscgi.exe&OmnisLibrary=JURISWEB&OmnisClass=rtFindinfoWebHtmlService&OmnisServer=7001&Parametername=WWW_V4&Schema=VD_TA_WEB&Source=search.fiw&Aufruf=getMarkupDocument&cSprache=FRE&nF30_KEY=175203&W10_KEY=10550255&nTrefferzeile=32&Template=search/standard/results/document.fiw", "Checksum": "e6fe46a6b0cfdf61cef3eb493b4966e7"}, "Scrapedate": "2023-01-01", "Num": ["PE.2017.0002"], "Kopfzeile": [{"Sprachen": ["fr", "de", "it"], "Text": "Vaud Tribunal cantonal Cour de droit administratif et public 31.10.2017 PE.2017.0002"}], "Meta": [{"Sprachen": ["de"], "Text": "Waadt  Cour de droit administratif et public"}, {"Sprachen": ["fr"], "Text": "Vaud Tribunal cantonal Cour de droit administratif et public"}, {"Sprachen": ["it"], "Text": "Vaud  Cour de droit administratif et public"}], "Abstract": [{"Sprachen": ["de", "fr", "it"], "Text": "A.________, B.________, C.________, D.________, E.________, F.________/Service de la population (SPOP) | Recours d'une famille de ressortissants kosovars contre une d\u00e9cision du SPOP refusant le regroupement familial diff\u00e9r\u00e9 pour les trois a\u00een\u00e9s d'une fratrie de quatre enfants. La m\u00e8re et le plus jeune fils ont obtenu une autorisation de s\u00e9jour leur permettant de vivre en Suisse aupr\u00e8s du p\u00e8re de famille de nationalit\u00e9s suisse et kosovare. Les trois a\u00een\u00e9s \u00e9tant \u00e2g\u00e9s de 15, 17 et 18 ans au moment de la demande de regroupement familial, les d\u00e9lais de l'art. 47 LEtr sont \u00e9chus. La venue de leur m\u00e8re et de leur plus jeune fr\u00e8re en Suisse ne fait pas partir de nouveaux d\u00e9lais de regroupement familial. Il n'existe pas de raisons familiales majeures, les adolescents pouvant continuer \u00e0 vivre au Kosovo aupr\u00e8s des membres de leur famille. Par leur \u00e2ge avanc\u00e9, il sied d'admettre qu'ils ont tiss\u00e9 des attaches sociales et culturelles importantes avec leur pays d'origine. De plus, rien n'emp\u00eache la famille de se r\u00e9unir au Kosovo. Enfin, on ne peut tenir compte du fait que les adolescents vivent ill\u00e9galement en Suisse depuis plus d'une ann\u00e9e, car cela reviendrait \u00e0 encourager la politique du fait accompli. Il n'est pas n\u00e9cessaire d'entendre les recourants. Recours rejet\u00e9.\rRecours form\u00e9 devant le Tribunal f\u00e9d\u00e9ral rejet\u00e9 (2C_1025/2017 du 22 mai 2018)."}], "ScrapyJob": "446973/40/2238", "Zeit UTC": "10.04.2026 22:06:19", "Checksum": "95e1c99985780e6d752630ffd10c6f97"}