{"Signatur": "VD_TC_031", "Spider": "VD_Omni", "Sprache": "fr", "Datum": "2017-06-26", "HTML": {"Datei": "VD_Omni/VD_TC_031_PE-2017-0049_2017-06-26.html", "URL": "http://www.jurisprudence.vd.ch/scripts/nph-omniscgi.exe?OmnisPlatform=WINDOWS&WebServerUrl=&WebServerScript=/scripts/nph-omniscgi.exe&OmnisLibrary=JURISWEB&OmnisClass=rtFindinfoWebHtmlService&OmnisServer=7001&Parametername=WWW_V4&Schema=VD_TA_WEB&Source=search.fiw&Aufruf=getMarkupDocument&cSprache=FRE&nF30_KEY=174768&W10_KEY=10550255&nTrefferzeile=23&Template=search/standard/results/document.fiw", "Checksum": "bbcaa969ff84a5738159916b010b94bf"}, "Scrapedate": "2023-01-01", "Num": ["PE.2017.0049"], "Kopfzeile": [{"Sprachen": ["fr", "de", "it"], "Text": "Vaud Tribunal cantonal Cour de droit administratif et public 26.06.2017 PE.2017.0049"}], "Meta": [{"Sprachen": ["de"], "Text": "Waadt  Cour de droit administratif et public"}, {"Sprachen": ["fr"], "Text": "Vaud Tribunal cantonal Cour de droit administratif et public"}, {"Sprachen": ["it"], "Text": "Vaud  Cour de droit administratif et public"}], "Abstract": [{"Sprachen": ["de", "fr", "it"], "Text": "A.________ /Service de la population (SPOP) | Ressortissante communautaire de nationalit\u00e9 fran\u00e7aise, la recourante a, dans le meilleur des cas pour elle, exerc\u00e9 une activit\u00e9 lucrative sur une p\u00e9riode de dix mois et treize jours; elle n\u2019a donc jamais acquis le statut de travailleur. Elle d\u00e9pend depuis lors de l'assistance publique et exerce une activit\u00e9 qui, compte tenu du faible taux d'occupation, doit \u00eatre consid\u00e9r\u00e9e comme marginale et accessoire, ce qui ne lui conf\u00e8re pas le droit de rester en Suisse pour y chercher un emploi, ni pour y s\u00e9journer sans exercer d\u2019activit\u00e9 lucrative. Les conditions permettant la r\u00e9vocation de son autorisation de s\u00e9jour UE/AELE de longue dur\u00e9e sont remplies. Au surplus, la recourante ne repr\u00e9sente pas un cas de rigueur; elle ne fait pas \u00e9tat de liens particuli\u00e8rement forts avec la Suisse, o\u00f9 elle ne s\u00e9journe que depuis deux ans avec sa fille. En outre, elle \u00e9tait d\u00e9j\u00e0 suivie m\u00e9dicalement dans son pays pour le traitement de la pathologie dont elle est atteinte et celui-ci est de toute fa\u00e7on dispens\u00e9 en France."}], "ScrapyJob": "446973/40/2238", "Zeit UTC": "10.04.2026 22:11:19", "Checksum": "10e1756cd94186bd5a5d5cc105fa04fe"}