{"Signatur": "VD_TC_031", "Spider": "VD_Omni", "Sprache": "fr", "Datum": "2019-04-15", "HTML": {"Datei": "VD_Omni/VD_TC_031_PE-2017-0064_2019-04-15.html", "URL": "http://www.jurisprudence.vd.ch/scripts/nph-omniscgi.exe?OmnisPlatform=WINDOWS&WebServerUrl=&WebServerScript=/scripts/nph-omniscgi.exe&OmnisLibrary=JURISWEB&OmnisClass=rtFindinfoWebHtmlService&OmnisServer=7001&Parametername=WWW_V4&Schema=VD_TA_WEB&Source=search.fiw&Aufruf=getMarkupDocument&cSprache=FRE&nF30_KEY=177533&W10_KEY=10550255&nTrefferzeile=37&Template=search/standard/results/document.fiw", "Checksum": "dd861166fc58467992f3b703f786e9ba"}, "Scrapedate": "2023-01-01", "Num": ["PE.2017.0064"], "Kopfzeile": [{"Sprachen": ["fr", "de", "it"], "Text": "Vaud Tribunal cantonal Cour de droit administratif et public 15.04.2019 PE.2017.0064"}], "Meta": [{"Sprachen": ["de"], "Text": "Waadt  Cour de droit administratif et public"}, {"Sprachen": ["fr"], "Text": "Vaud Tribunal cantonal Cour de droit administratif et public"}, {"Sprachen": ["it"], "Text": "Vaud  Cour de droit administratif et public"}], "Abstract": [{"Sprachen": ["de", "fr", "it"], "Text": "A.________/Service de la population (SPOP) | Rejet du recours contre une d\u00e9cision du SPOP refusant le regroupement familial partiel diff\u00e9r\u00e9 (hors d\u00e9lai) d'un enfant qui, apr\u00e8s avoir toujours v\u00e9cu dans son pays d'origine avec sa m\u00e8re, est arriv\u00e9 \u00e0 l'\u00e2ge de 16 ans et 9 mois aupr\u00e8s de son p\u00e8re lequel vit en Suisse au b\u00e9n\u00e9fice d'une autorisation de s\u00e9jour et est mari\u00e9 avec une compatriote au b\u00e9n\u00e9fice d'une autorisation d'\u00e9tablissement. Toutes ces personnes sont de nationalit\u00e9 colombienne, l'\u00e9pouse \u00e9tant par ailleurs la m\u00e8re d'un autre enfant mineur de nationalit\u00e9 suisse issu d'une relation ant\u00e9rieure. Selon une appr\u00e9ciation globale de toutes les circonstances, il n'y a pas de raisons familiales majeures au sens des art. 47 al. 4 LEI, 73 al. 3 et 75 OASA, malgr\u00e9 les probl\u00e8mes de sant\u00e9 du fils et l'all\u00e9gation qu'il aurait \u00e9t\u00e9 t\u00e9moin d'un crime en Colombie."}], "ScrapyJob": "446973/40/2238", "Zeit UTC": "10.04.2026 21:42:26", "Checksum": "e907eeb9c8b5e1b2bfdd4a604fe658aa"}