{"Signatur": "VD_TC_031", "Spider": "VD_Omni", "Sprache": "fr", "Datum": "2017-03-08", "HTML": {"Datei": "VD_Omni/VD_TC_031_PE-2017-0074_2017-03-08.html", "URL": "http://www.jurisprudence.vd.ch/scripts/nph-omniscgi.exe?OmnisPlatform=WINDOWS&WebServerUrl=&WebServerScript=/scripts/nph-omniscgi.exe&OmnisLibrary=JURISWEB&OmnisClass=rtFindinfoWebHtmlService&OmnisServer=7001&Parametername=WWW_V4&Schema=VD_TA_WEB&Source=search.fiw&Aufruf=getMarkupDocument&cSprache=FRE&nF30_KEY=174351&W10_KEY=10550255&nTrefferzeile=13&Template=search/standard/results/document.fiw", "Checksum": "8f8f2fcee907ca5497c310b3267b0bd2"}, "Scrapedate": "2023-01-01", "Num": ["PE.2017.0074"], "Kopfzeile": [{"Sprachen": ["fr", "de", "it"], "Text": "Vaud Tribunal cantonal Cour de droit administratif et public 08.03.2017 PE.2017.0074"}], "Meta": [{"Sprachen": ["de"], "Text": "Waadt  Cour de droit administratif et public"}, {"Sprachen": ["fr"], "Text": "Vaud Tribunal cantonal Cour de droit administratif et public"}, {"Sprachen": ["it"], "Text": "Vaud  Cour de droit administratif et public"}], "Abstract": [{"Sprachen": ["de", "fr", "it"], "Text": "A.________ c/Service de la population (SPOP) | Confirmation d'une d\u00e9cision de renvoi, assortie d'un d\u00e9lai de d\u00e9part de trente jours, prise \u00e0 l'encontre d'un ressortissant kosovar, qui s\u00e9journe depuis cinq et ans demi en Suisse sans autorisation de s\u00e9jour. Le recourant a reconnu dans la proc\u00e9dure p\u00e9nale avoir utilis\u00e9 une barre m\u00e9tallique pour frapper l\u2019un des policiers pr\u00e9sents, lesquels ont \u00e9t\u00e9 contraints de faire usage d\u2019une arme pour le neutraliser et mettre fin \u00e0 ses agissements. Il constitue d\u00e8s lors une menace claire pour la s\u00e9curit\u00e9 publique, de sorte qu\u2019il ne remplit pas les conditions d'entr\u00e9e en Suisse. Le recourant ne remplit pas non plus les conditions d\u2019une admission provisoire en Suisse; il peut confier \u00e0 des repr\u00e9sentants la d\u00e9fense de ses int\u00e9r\u00eats en Suisse dans les deux proc\u00e9dures qu'il a intent\u00e9es, suite \u00e0 cette intervention polici\u00e8re. En outre, le certificat m\u00e9dical produit ne permet pas de conclure \u00e0 cet \u00e9gard qu\u2019un retour du recourant dans son pays d\u2019origine serait exclu pour des raisons m\u00e9dicales.\rRecours au Tribunal f\u00e9d\u00e9ral d\u00e9clar\u00e9 irrecevable par arr\u00eat 2C_296/2017 du 27 mars 2017."}], "ScrapyJob": "446973/40/2238", "Zeit UTC": "10.04.2026 22:20:52", "Checksum": "e78679c53d89b3fa173de62b5e5a6f9f"}