{"Signatur": "VD_TC_031", "Spider": "VD_Omni", "Sprache": "fr", "Datum": "2018-01-16", "HTML": {"Datei": "VD_Omni/VD_TC_031_PE-2017-0125_2018-01-16.html", "URL": "http://www.jurisprudence.vd.ch/scripts/nph-omniscgi.exe?OmnisPlatform=WINDOWS&WebServerUrl=&WebServerScript=/scripts/nph-omniscgi.exe&OmnisLibrary=JURISWEB&OmnisClass=rtFindinfoWebHtmlService&OmnisServer=7001&Parametername=WWW_V4&Schema=VD_TA_WEB&Source=search.fiw&Aufruf=getMarkupDocument&cSprache=FRE&nF30_KEY=175524&W10_KEY=10550255&nTrefferzeile=50&Template=search/standard/results/document.fiw", "Checksum": "b6de130841bb12ea3c359b4af413e725"}, "Scrapedate": "2023-01-01", "Num": ["PE.2017.0125"], "Kopfzeile": [{"Sprachen": ["fr", "de", "it"], "Text": "Vaud Tribunal cantonal Cour de droit administratif et public 16.01.2018 PE.2017.0125"}], "Meta": [{"Sprachen": ["de"], "Text": "Waadt  Cour de droit administratif et public"}, {"Sprachen": ["fr"], "Text": "Vaud Tribunal cantonal Cour de droit administratif et public"}, {"Sprachen": ["it"], "Text": "Vaud  Cour de droit administratif et public"}], "Abstract": [{"Sprachen": ["de", "fr", "it"], "Text": "A.________/Service de la population (SPOP) | Recours d'un ressortissant du Kosovo contre la d\u00e9cision du SPOP refusant l'octroi d'une autorisation de s\u00e9jour et pronon\u00e7ant son renvoi de Suisse sur la base du cas de rigueur. S'il est admis que la dur\u00e9e du s\u00e9jour en Suisse du recourant est longue (16 ans) et qu'il est bien int\u00e9gr\u00e9 professionnellement, son int\u00e9gration n'est pas exceptionnelle, \u00e9cartant le cas de rigueur. Il a de plus fait l'objet de quelques condamnations p\u00e9nales. La r\u00e9int\u00e9gration dans son pays d'origine ne devrait pas lui poser de probl\u00e8me insurmontable m\u00eame s'il se heurtera \u00e0 quelques difficult\u00e9s. Il pourra par ailleurs y b\u00e9n\u00e9ficier de soins psychiatriques (c. 5). Les arguments du recourant relatifs au fait qu'il a fui l'ex-Yougoslavie pendant la guerre et que le Kosovo n'est pas sa patrie ne sont pas d\u00e9terminants puisqu'il n'est pas dans une position diff\u00e9rente de toutes les personnes concern\u00e9es par la guerre qui vivent d\u00e9sormais au Kosovo (c. 6). S'agissant de l'art. 8 CEDH, l'int\u00e9gration socio-professionnelle du recourant n'est pas d'une telle intensit\u00e9 qu'elle justifierait l'application de la garantie de la vie priv\u00e9e (c. 7). Le recours est rejet\u00e9."}], "ScrapyJob": "446973/40/2238", "Zeit UTC": "10.04.2026 22:02:36", "Checksum": "c76c3cc4827586612b79e871df819a5f"}