{"Signatur": "VD_TC_031", "Spider": "VD_Omni", "Sprache": "fr", "Datum": "2017-10-27", "HTML": {"Datei": "VD_Omni/VD_TC_031_PE-2017-0126_2017-10-27.html", "URL": "http://www.jurisprudence.vd.ch/scripts/nph-omniscgi.exe?OmnisPlatform=WINDOWS&WebServerUrl=&WebServerScript=/scripts/nph-omniscgi.exe&OmnisLibrary=JURISWEB&OmnisClass=rtFindinfoWebHtmlService&OmnisServer=7001&Parametername=WWW_V4&Schema=VD_TA_WEB&Source=search.fiw&Aufruf=getMarkupDocument&cSprache=FRE&nF30_KEY=175190&W10_KEY=10550255&nTrefferzeile=45&Template=search/standard/results/document.fiw", "Checksum": "7066c6055b09d337b4e72b8bc950c659"}, "Scrapedate": "2023-01-01", "Num": ["PE.2017.0126"], "Kopfzeile": [{"Sprachen": ["fr", "de", "it"], "Text": "Vaud Tribunal cantonal Cour de droit administratif et public 27.10.2017 PE.2017.0126"}], "Meta": [{"Sprachen": ["de"], "Text": "Waadt  Cour de droit administratif et public"}, {"Sprachen": ["fr"], "Text": "Vaud Tribunal cantonal Cour de droit administratif et public"}, {"Sprachen": ["it"], "Text": "Vaud  Cour de droit administratif et public"}], "Abstract": [{"Sprachen": ["de", "fr", "it"], "Text": "A.________/Service de la population (SPOP) | Confirmation du refus de renouveler l'autorisation de s\u00e9jour UE/AELE d'une ressortissante fran\u00e7aise arriv\u00e9e en Suisse en 2008 pour prendre un emploi de t\u00e9l\u00e9vendeuse, qui prend fin apr\u00e8s moins d'un an \u00e0 la suite d'un accident qui n'a pas laiss\u00e9 de s\u00e9quelles durables. La recourante a retravaill\u00e9 \u00e0 une seule reprise durant dix mois de 2013 \u00e0 2014 et est aid\u00e9e par les services sociaux depuis 2009. Elle a donc perdu la qualit\u00e9 de travailleur. Le fait qu'elle souffre depuis la naissance du syndrome de Little ne lui conf\u00e8re pas un droit de demeurer, puisque cette maladie n'affecte pas sa capacit\u00e9 de travail. Pas de droit de s\u00e9jour pour personne n'exer\u00e7ant pas d'activit\u00e9 \u00e9conomique, vu la d\u00e9pendance \u00e0 l'aide sociale. Pas de cas de rigueur, tant du point de vue de la situation personnelle et professionnelle que de celui de l'\u00e9tat de sant\u00e9. Recours rejet\u00e9.\rRecours en mati\u00e8re de droit public rejet\u00e9 par le TF (2C_998/2017 du 18 janvier 2018)."}], "ScrapyJob": "446973/40/2238", "Zeit UTC": "10.04.2026 22:06:13", "Checksum": "d22d445a0055c9b7d756eda60346277f"}