{"Signatur": "VD_TC_031", "Spider": "VD_Omni", "Sprache": "fr", "Datum": "2017-08-21", "HTML": {"Datei": "VD_Omni/VD_TC_031_PE-2017-0138_2017-08-21.html", "URL": "http://www.jurisprudence.vd.ch/scripts/nph-omniscgi.exe?OmnisPlatform=WINDOWS&WebServerUrl=&WebServerScript=/scripts/nph-omniscgi.exe&OmnisLibrary=JURISWEB&OmnisClass=rtFindinfoWebHtmlService&OmnisServer=7001&Parametername=WWW_V4&Schema=VD_TA_WEB&Source=search.fiw&Aufruf=getMarkupDocument&cSprache=FRE&nF30_KEY=175642&W10_KEY=10550255&nTrefferzeile=6&Template=search/standard/results/document.fiw", "Checksum": "bf90109b71987b9c1682f080bcb98160"}, "Scrapedate": "2023-01-01", "Num": ["PE.2017.0138"], "Kopfzeile": [{"Sprachen": ["fr", "de", "it"], "Text": "Vaud Tribunal cantonal Cour de droit administratif et public 21.08.2017 PE.2017.0138"}], "Meta": [{"Sprachen": ["de"], "Text": "Waadt  Cour de droit administratif et public"}, {"Sprachen": ["fr"], "Text": "Vaud Tribunal cantonal Cour de droit administratif et public"}, {"Sprachen": ["it"], "Text": "Vaud  Cour de droit administratif et public"}], "Abstract": [{"Sprachen": ["de", "fr", "it"], "Text": "A.________/D\u00e9partement de l'\u00e9conomie, de l'innovation et du sport (DEIS), Service de la population (SPOP) | Confirmation de la d\u00e9cision du d\u00e9partement comp\u00e9tent de r\u00e9voquer l'autorisation d'\u00e9tablissement d'un ressortissant kosovar de Serbie, condamn\u00e9 \u00e0 une peine privative de libert\u00e9 de quatre ans, sous d\u00e9duction de 326 jours de d\u00e9tention avant jugement, qu\u2019il est en train d\u2019ex\u00e9cuter. Outre la peine de longue dur\u00e9e prononc\u00e9e \u00e0 l'encontre du recourant, les constatations des juges p\u00e9naux font s\u00e9rieusement douter de ses perspectives d\u2019amendement et font m\u00eame craindre un risque tr\u00e8s s\u00e9rieux de r\u00e9cidive qui, en l\u2019\u00e9tat actuel, ne peut \u00eatre \u00e9cart\u00e9; la lib\u00e9ration conditionnelle lui a du reste \u00e9t\u00e9 refus\u00e9e. Sans doute, le recourant vit depuis trente ans en Suisse, mais un int\u00e9r\u00eat public particuli\u00e8rement important \u00e0 son \u00e9loignement l'emporte sur son int\u00e9r\u00eat priv\u00e9 \u00e0 pouvoir y demeurer. Malgr\u00e9 sa maladie, le recourant ne se trouve pas dans une situation d'extr\u00eame gravit\u00e9 au point que son renvoi serait inexigible (recours contre cet arr\u00eat rejet\u00e9 par arr\u00eat TF 2C_812/2017 du 30 janvier 2018).\rRecours au Tribunal f\u00e9d\u00e9ral rejet par arr\u00eat 2C_812/2017 du 30 janvier 2018."}], "ScrapyJob": "446973/40/2238", "Zeit UTC": "10.04.2026 22:22:03", "Checksum": "850d03125f3c529ee6bd3e66b2961ac5"}