{"Signatur": "VD_TC_031", "Spider": "VD_Omni", "Sprache": "fr", "Datum": "2017-08-29", "HTML": {"Datei": "VD_Omni/VD_TC_031_PE-2017-0186_2017-08-29.html", "URL": "http://www.jurisprudence.vd.ch/scripts/nph-omniscgi.exe?OmnisPlatform=WINDOWS&WebServerUrl=&WebServerScript=/scripts/nph-omniscgi.exe&OmnisLibrary=JURISWEB&OmnisClass=rtFindinfoWebHtmlService&OmnisServer=7001&Parametername=WWW_V4&Schema=VD_TA_WEB&Source=search.fiw&Aufruf=getMarkupDocument&cSprache=FRE&nF30_KEY=175425&W10_KEY=10550255&nTrefferzeile=18&Template=search/standard/results/document.fiw", "Checksum": "79d6b1726abddd61f97477dc9abdd62d"}, "Scrapedate": "2023-01-01", "Num": ["PE.2017.0186"], "Kopfzeile": [{"Sprachen": ["fr", "de", "it"], "Text": "Vaud Tribunal cantonal Cour de droit administratif et public 29.08.2017 PE.2017.0186"}], "Meta": [{"Sprachen": ["de"], "Text": "Waadt  Cour de droit administratif et public"}, {"Sprachen": ["fr"], "Text": "Vaud Tribunal cantonal Cour de droit administratif et public"}, {"Sprachen": ["it"], "Text": "Vaud  Cour de droit administratif et public"}], "Abstract": [{"Sprachen": ["de", "fr", "it"], "Text": "A.________/Service de la population (SPOP) | La vie commune entre la recourante, ressortissante kosovare de Serbie, et son mari, de nationalit\u00e9 suisse, n'a dur\u00e9 que deux mois et vingt et un jours; on peut d\u00e8s lors laisser ind\u00e9cise la question de l\u2019int\u00e9gration de la recourante en Suisse.\rLa recourante, qui explique avoir \u00e9t\u00e9 contrainte de quitter le domicile conjugal pour \u00e9chapper \u00e0 la violence domestique dont son mari aurait constamment fait preuve \u00e0 son encontre, doit apporter, m\u00eame par des indices concluants, la preuve de la maltraitance domestique dont elle se pr\u00e9vaut afin de poursuivre son s\u00e9jour en Suisse. Or, cette preuve n\u2019est pas rapport\u00e9e. Les all\u00e9gations de la recourante durant la proc\u00e9dure p\u00e9nale ouverte contre son \u00e9poux reposent sur ses seules d\u00e9clarations, qui ont constamment vari\u00e9 durant la proc\u00e9dure p\u00e9nale et ne sont \u00e9tay\u00e9es par aucune attestation m\u00e9dicale. A cela s'ajoute que l'ordonnance de classement de cette proc\u00e9dure est entr\u00e9e en force et la recourante ne se pr\u00e9vaut d\u2019aucune circonstance propre \u00e0 ordonner la r\u00e9ouverture de l\u2019enqu\u00eate.\rLa recourante ne repr\u00e9sente pas un cas de rigueur et ne se trouve pas dans une situation de d\u00e9tresse personnelle, au point qu\u2019il faille d\u00e9roger aux conditions d\u2019admission en Suisse. La poursuite de son s\u00e9jour en Suisse ne s'imposant pas pour des raisons personnelles majeures, l\u2019autorit\u00e9 intim\u00e9e n\u2019a nullement abus\u00e9 de son pouvoir d\u2019appr\u00e9ciation en refusant de prolonger son autorisation de s\u00e9jour (recours rejet\u00e9 par arr\u00eat du Tribunal f\u00e9d\u00e9ral 2C_833/2017 du 13 d\u00e9cembre 2017)."}], "ScrapyJob": "446973/40/2238", "Zeit UTC": "10.04.2026 22:09:15", "Checksum": "4c4a12985c5e9d6d9c4622dfd24db24a"}