{"Signatur": "VD_TC_031", "Spider": "VD_Omni", "Sprache": "fr", "Datum": "2018-08-16", "HTML": {"Datei": "VD_Omni/VD_TC_031_PE-2017-0215_2018-08-16.html", "URL": "http://www.jurisprudence.vd.ch/scripts/nph-omniscgi.exe?OmnisPlatform=WINDOWS&WebServerUrl=&WebServerScript=/scripts/nph-omniscgi.exe&OmnisLibrary=JURISWEB&OmnisClass=rtFindinfoWebHtmlService&OmnisServer=7001&Parametername=WWW_V4&Schema=VD_TA_WEB&Source=search.fiw&Aufruf=getMarkupDocument&cSprache=FRE&nF30_KEY=176461&W10_KEY=10550255&nTrefferzeile=26&Template=search/standard/results/document.fiw", "Checksum": "c3be20aaa024b4542ef047bb5b47dac8"}, "Scrapedate": "2023-01-01", "Num": ["PE.2017.0215"], "Kopfzeile": [{"Sprachen": ["fr", "de", "it"], "Text": "Vaud Tribunal cantonal Cour de droit administratif et public 16.08.2018 PE.2017.0215"}], "Meta": [{"Sprachen": ["de"], "Text": "Waadt  Cour de droit administratif et public"}, {"Sprachen": ["fr"], "Text": "Vaud Tribunal cantonal Cour de droit administratif et public"}, {"Sprachen": ["it"], "Text": "Vaud  Cour de droit administratif et public"}], "Abstract": [{"Sprachen": ["de", "fr", "it"], "Text": "A.________/Service de la population (SPOP), D\u00e9partement de l'\u00e9conomie, de l'innovation et du sport (DEIS) | Recours contre la r\u00e9vocation d'une autorisation d'\u00e9tablissement d'un ressortissant alg\u00e9rien s'\u00e9tant l\u00e9gitim\u00e9 au moyen d'un faux passeport fran\u00e7ais en usurpant l'identit\u00e9 d'un tiers. En l'esp\u00e8ce, motif de r\u00e9vocation de l'art. 62 al. 1 let. a LEtr rempli et absence de violation du principe de la proportionnalit\u00e9 m\u00eame au regard de la situation familiale du recourant. Arriv\u00e9 pour la premi\u00e8re fois en Suisse en 2002, le recourant s'est mari\u00e9 en 2009 avec une compatriote r\u00e9sidant en Alg\u00e9rie et qui vit depuis ill\u00e9galement en Suisse, tout comme leur enfant n\u00e9 ici en 2010. Au niveau professionnel, le recourant a b\u00e9n\u00e9fici\u00e9 pendant une dur\u00e9e de presque cinq ans de prestations de l'assurance-ch\u00f4mage et n'a, \u00e0 ce jour, pas r\u00e9ussi \u00e0 acqu\u00e9rir une situation professionnelle et \u00e9conomique stable. \r\rLa situation du recourant et de sa famille n'est pas comparable \u00e0 celle du ressortissant argentin ayant v\u00e9cu dix ans l\u00e9galement en Suisse et \u00e9tant professionnellement et \u00e9conomiquement bien int\u00e9gr\u00e9, \u00e0 qui le TF a reconnu un droit de s\u00e9jour sur la base de la protection de la vie priv\u00e9e (2C_105/2017 du 8 mai 2018).\r\rRecours rejet\u00e9."}], "ScrapyJob": "446973/40/2238", "Zeit UTC": "10.04.2026 21:51:07", "Checksum": "29ab515ca0313cbe134ae8ec8a667365"}