{"Signatur": "VD_TC_031", "Spider": "VD_Omni", "Sprache": "fr", "Datum": "2018-06-13", "HTML": {"Datei": "VD_Omni/VD_TC_031_PE-2017-0385_2018-06-13.html", "URL": "http://www.jurisprudence.vd.ch/scripts/nph-omniscgi.exe?OmnisPlatform=WINDOWS&WebServerUrl=&WebServerScript=/scripts/nph-omniscgi.exe&OmnisLibrary=JURISWEB&OmnisClass=rtFindinfoWebHtmlService&OmnisServer=7001&Parametername=WWW_V4&Schema=VD_TA_WEB&Source=search.fiw&Aufruf=getMarkupDocument&cSprache=FRE&nF30_KEY=176192&W10_KEY=10550255&nTrefferzeile=27&Template=search/standard/results/document.fiw", "Checksum": "c62e0f94ebe2938578a3449feaf23cc4"}, "Scrapedate": "2023-01-01", "Num": ["PE.2017.0385"], "Kopfzeile": [{"Sprachen": ["fr", "de", "it"], "Text": "Vaud Tribunal cantonal Cour de droit administratif et public 13.06.2018 PE.2017.0385"}], "Meta": [{"Sprachen": ["de"], "Text": "Waadt  Cour de droit administratif et public"}, {"Sprachen": ["fr"], "Text": "Vaud Tribunal cantonal Cour de droit administratif et public"}, {"Sprachen": ["it"], "Text": "Vaud  Cour de droit administratif et public"}], "Abstract": [{"Sprachen": ["de", "fr", "it"], "Text": "A.________ /Service de la population (SPOP) | Confirmation de la d\u00e9cision de refus de prolonger l'autorisation de s\u00e9jour d'un ressortissant kosovar, obtenue suite \u00e0 son mariage avec une ressortissante fran\u00e7aise titulaire d'une autorisation d'\u00e9tablissement. Divorc\u00e9, il n'a plus droit au renouvellement de son autorisation de s\u00e9jour en application de l'art. 3 annexe I ALCP, ni en vertu de l'art. 50 al. 1 let. b LEtr, quand bien m\u00eame son int\u00e9gration en Suisse est bonne, l'union conjugale n'ayant pas dur\u00e9 trois ans. S\u00e9journant l\u00e9galement en Suisse depuis six ans, sans enfant, jeune, en bonne sant\u00e9 et ayant des membres de sa proche famille au Kosovo, il ne peut pas non plus pr\u00e9tendre \u00e0 un titre de s\u00e9jour en vertu de l'art. 50 al. 1 let. b et al. 2 LEtr. Il en va de m\u00eame sous l'angle de la protection de la vie priv\u00e9e garantie par l'art. 8 par. 1 CEDH. Si les liens sociaux et professionnels du recourant d\u00e9montrent qu'il s'est bien int\u00e9gr\u00e9, son int\u00e9gration n'appara\u00eet pas notablement sup\u00e9rieure \u00e0 une int\u00e9gration ordinaire; sur le plan professionnel, la cr\u00e9ation de sa soci\u00e9t\u00e9 d\u00e9note une volont\u00e9 certaine de s'int\u00e9grer, sans que cette int\u00e9gration soit pour autant exceptionnelle."}], "ScrapyJob": "446973/40/2238", "Zeit UTC": "10.04.2026 21:57:00", "Checksum": "8fef266ae8ef9cf2c6c504d53fa00692"}