{"Signatur": "VD_TC_031", "Spider": "VD_Omni", "Sprache": "fr", "Datum": "2018-01-12", "HTML": {"Datei": "VD_Omni/VD_TC_031_PE-2017-0458_2018-01-12.html", "URL": "http://www.jurisprudence.vd.ch/scripts/nph-omniscgi.exe?OmnisPlatform=WINDOWS&WebServerUrl=&WebServerScript=/scripts/nph-omniscgi.exe&OmnisLibrary=JURISWEB&OmnisClass=rtFindinfoWebHtmlService&OmnisServer=7001&Parametername=WWW_V4&Schema=VD_TA_WEB&Source=search.fiw&Aufruf=getMarkupDocument&cSprache=FRE&nF30_KEY=175512&W10_KEY=10550255&nTrefferzeile=13&Template=search/standard/results/document.fiw", "Checksum": "1643424cb19db4499200aaaaf2765876"}, "Scrapedate": "2023-01-01", "Num": ["PE.2017.0458"], "Kopfzeile": [{"Sprachen": ["fr", "de", "it"], "Text": "Vaud Tribunal cantonal Cour de droit administratif et public 12.01.2018 PE.2017.0458"}], "Meta": [{"Sprachen": ["de"], "Text": "Waadt  Cour de droit administratif et public"}, {"Sprachen": ["fr"], "Text": "Vaud Tribunal cantonal Cour de droit administratif et public"}, {"Sprachen": ["it"], "Text": "Vaud  Cour de droit administratif et public"}], "Abstract": [{"Sprachen": ["de", "fr", "it"], "Text": "A.________ /Service de la population (SPOP), D\u00e9partement de l'\u00e9conomie de l'innovation et du sport (DEIS) | Confirmation de la r\u00e9vocation de l'autorisation d'\u00e9tablissement d'un Erythr\u00e9en, arriv\u00e9 en Suisse en 2002 \u00e0 l'\u00e2ge de 8 ans pour y rejoindre sa m\u00e8re, et qui a encore fait un s\u00e9jour de deux ans (fin 2009 \u00e0 fin 2011) dans son pays d'origine. L'int\u00e9r\u00eat public \u00e0 \u00e9loigner ce jeune homme, qui a \u00e9t\u00e9 condamn\u00e9 \u00e0 plusieurs reprises, la derni\u00e8re fois \u00e0 une peine privative de libert\u00e9 de sept ans de r\u00e9clusion pour tentative de meurtre et d'autres infractions, l'emporte sur son int\u00e9r\u00eat priv\u00e9 \u00e0 pouvoir demeurer en Suisse pr\u00e8s de sa famille. Les art. 62 al. 2 et 63 al. 3 LEtr ne s'appliquent pas en l'esp\u00e8ce, car toutes les infractions qui fondent la r\u00e9vocation prononc\u00e9e par l'autorit\u00e9 intim\u00e9e ont \u00e9t\u00e9 commises et jug\u00e9es avant l'entr\u00e9e en vigueur des art. 66a et ss CP.\rRecours d\u00e9clar\u00e9 irrecevable par le TF (2C_130/2018 du 14 f\u00e9vrier 2018)."}], "ScrapyJob": "446973/40/2238", "Zeit UTC": "10.04.2026 22:04:27", "Checksum": "256e80dcd42fff53d4b4b4ffade66b9d"}