{"Signatur": "VD_TC_031", "Spider": "VD_Omni", "Sprache": "fr", "Datum": "2018-10-04", "HTML": {"Datei": "VD_Omni/VD_TC_031_PE-2018-0128_2018-10-04.html", "URL": "http://www.jurisprudence.vd.ch/scripts/nph-omniscgi.exe?OmnisPlatform=WINDOWS&WebServerUrl=&WebServerScript=/scripts/nph-omniscgi.exe&OmnisLibrary=JURISWEB&OmnisClass=rtFindinfoWebHtmlService&OmnisServer=7001&Parametername=WWW_V4&Schema=VD_TA_WEB&Source=search.fiw&Aufruf=getMarkupDocument&cSprache=FRE&nF30_KEY=176635&W10_KEY=10550255&nTrefferzeile=38&Template=search/standard/results/document.fiw", "Checksum": "1f36926db1df18f77799a2f5f52c4672"}, "Scrapedate": "2023-01-01", "Num": ["PE.2018.0128"], "Kopfzeile": [{"Sprachen": ["fr", "de", "it"], "Text": "Vaud Tribunal cantonal Cour de droit administratif et public 04.10.2018 PE.2018.0128"}], "Meta": [{"Sprachen": ["de"], "Text": "Waadt  Cour de droit administratif et public"}, {"Sprachen": ["fr"], "Text": "Vaud Tribunal cantonal Cour de droit administratif et public"}, {"Sprachen": ["it"], "Text": "Vaud  Cour de droit administratif et public"}], "Abstract": [{"Sprachen": ["de", "fr", "it"], "Text": "A.________/Service de la population (SPOP) | L'autorit\u00e9 pr\u00e9c\u00e9dente n'\u00e9tait pas tenue d'entrer en mati\u00e8re sur la demande de nouvel examen d'un ressortissant kosovar \u00e2g\u00e9 de 65 ans, tendant \u00e0 ce que le refus de lui d\u00e9livrer une autorisation de s\u00e9jour soit reconsid\u00e9r\u00e9. L\u2019autorit\u00e9 intim\u00e9e a statu\u00e9, dans sa d\u00e9cision n\u00e9gative, en pleine connaissance de cause puisqu\u2019elle avait d\u00e9j\u00e0 retenu que le recourant n\u2019avait pas d\u00e9montr\u00e9, \u00e0 satisfaction de droit, que les probl\u00e8mes m\u00e9dicaux dont il souffrait ne pouvaient pas \u00eatre trait\u00e9s au Kosovo. En outre, le recourant n\u2019indique pas en quoi des \u00e9l\u00e9ments nouvellement intervenus rendraient plus difficile sa r\u00e9int\u00e9gration dans son pays d\u2019origine.\rQuoi qu'il en soit, le recourant ne repr\u00e9sente pas un cas de rigueur justifiant qu\u2019il soit d\u00e9rog\u00e9, en l\u2019esp\u00e8ce, aux conditions d\u2019admission en Suisse. Il y a v\u00e9cu durant vingt-huit ans et y a travaill\u00e9, sans permis; psychiquement d\u00e9stabilis\u00e9, il para\u00eet davantage affect\u00e9 par son absence de statut administratif en Suisse et la perspective de son renvoi, auquel il s\u2019oppose. L\u2019entr\u00e9e en vigueur en 2019 de la Convention de s\u00e9curit\u00e9 sociale entre la Suisse et le Kosovo pourrait intervenir trop tardivement pour qu\u2019il puisse percevoir une rente \u00e0 l\u2019\u00e9tranger, mais le recourant n\u2019est pas priv\u00e9 de requ\u00e9rir \u00e0 tout le moins le remboursement des cotisations; cet \u00e9l\u00e9ment ne devrait pas compromettre sa r\u00e9int\u00e9gration dans son pays d\u2019origine, voire m\u00eame la faciliter dans une certaine mesure.\rAucun \u00e9l\u00e9ment ne permet de retenir que son renvoi ne serait pas licite ou ne puisse \u00eatre raisonnablement exig\u00e9.\rOpinion minoritaire de l'assesseur Vodoz."}], "ScrapyJob": "446973/40/2238", "Zeit UTC": "10.04.2026 21:49:20", "Checksum": "f5424b645be7bc4034da1fd212f54d49"}