{"Signatur": "VD_TC_031", "Spider": "VD_Omni", "Sprache": "fr", "Datum": "2019-04-01", "HTML": {"Datei": "VD_Omni/VD_TC_031_PE-2018-0243_2019-04-01.html", "URL": "http://www.jurisprudence.vd.ch/scripts/nph-omniscgi.exe?OmnisPlatform=WINDOWS&WebServerUrl=&WebServerScript=/scripts/nph-omniscgi.exe&OmnisLibrary=JURISWEB&OmnisClass=rtFindinfoWebHtmlService&OmnisServer=7001&Parametername=WWW_V4&Schema=VD_TA_WEB&Source=search.fiw&Aufruf=getMarkupDocument&cSprache=FRE&nF30_KEY=177466&W10_KEY=10550255&nTrefferzeile=40&Template=search/standard/results/document.fiw", "Checksum": "d28e27ee0dd573a4f3c5917990ac1e3e"}, "Scrapedate": "2023-01-01", "Num": ["PE.2018.0243"], "Kopfzeile": [{"Sprachen": ["fr", "de", "it"], "Text": "Vaud Tribunal cantonal Cour de droit administratif et public 01.04.2019 PE.2018.0243"}], "Meta": [{"Sprachen": ["de"], "Text": "Waadt  Cour de droit administratif et public"}, {"Sprachen": ["fr"], "Text": "Vaud Tribunal cantonal Cour de droit administratif et public"}, {"Sprachen": ["it"], "Text": "Vaud  Cour de droit administratif et public"}], "Abstract": [{"Sprachen": ["de", "fr", "it"], "Text": "A.________, B.________, C.________/Service de la population (SPOP) | Recours contre le refus d'autorisations de s\u00e9jour par regroupement familial en faveur de deux des enfants d'un ressortissant du Kosovo. L'a\u00een\u00e9 \u00e9tait \u00e2g\u00e9 de plus de 18 ans au moment du d\u00e9p\u00f4t de la demande de regroupement familial, de sorte que les art. 44 ss LEI ne s'appliquent pas. Il ne peut faire valoir aucun autre motif justifiant l'octroi d'une autorisation de s\u00e9jour. Demande d\u00e9pos\u00e9e apr\u00e8s l'\u00e9ch\u00e9ance du d\u00e9lai de 12 mois de l'art. 47 al. 1 LEI, de sorte que seules des raisons familiales majeures au sens de l'art. 47 al. 4 LEI peuvent entrer en consid\u00e9ration pour le plus jeune des fr\u00e8res. Il para\u00eet supportable pour celui-ci, qui est arriv\u00e9 en Suisse \u00e0 presque 17 ans, a atteint l'\u00e2ge de 18 ans en cours de proc\u00e9dure et a pass\u00e9 dans son pays d'origine ses ann\u00e9es d'adolescence consid\u00e9r\u00e9es comme d\u00e9cisives pour la construction de la personnalit\u00e9, de retourner vivre chez sa grand-m\u00e8re, avec sa tante et sa soeur majeure. Rejet du recours et confirmation de la d\u00e9cision attaqu\u00e9e.\rRecours rejet\u00e9 par le Tribunal f\u00e9d\u00e9ral(arr\u00eat 2C_470/2019 du 22 juillet 2019)."}], "ScrapyJob": "446973/40/2238", "Zeit UTC": "10.04.2026 21:42:49", "Checksum": "a30a590e4feef3fca94112dbe0b9bb13"}