{"Signatur": "VD_TC_031", "Spider": "VD_Omni", "Sprache": "fr", "Datum": "2019-12-05", "HTML": {"Datei": "VD_Omni/VD_TC_031_PE-2018-0325_2019-12-05.html", "URL": "http://www.jurisprudence.vd.ch/scripts/nph-omniscgi.exe?OmnisPlatform=WINDOWS&WebServerUrl=&WebServerScript=/scripts/nph-omniscgi.exe&OmnisLibrary=JURISWEB&OmnisClass=rtFindinfoWebHtmlService&OmnisServer=7001&Parametername=WWW_V4&Schema=VD_TA_WEB&Source=search.fiw&Aufruf=getMarkupDocument&cSprache=FRE&nF30_KEY=178462&W10_KEY=10550255&nTrefferzeile=32&Template=search/standard/results/document.fiw", "Checksum": "31656d33f696176c765e27a5994a758f"}, "Scrapedate": "2023-01-01", "Num": ["PE.2018.0325"], "Kopfzeile": [{"Sprachen": ["fr", "de", "it"], "Text": "Vaud Tribunal cantonal Cour de droit administratif et public 05.12.2019 PE.2018.0325"}], "Meta": [{"Sprachen": ["de"], "Text": "Waadt  Cour de droit administratif et public"}, {"Sprachen": ["fr"], "Text": "Vaud Tribunal cantonal Cour de droit administratif et public"}, {"Sprachen": ["it"], "Text": "Vaud  Cour de droit administratif et public"}], "Abstract": [{"Sprachen": ["de", "fr", "it"], "Text": "A.________/Service de la population (SPOP), D\u00e9partement de l'\u00e9conomie, de l'innovation et du sport (DEIS) | Ressortissant de RDC en Suisse depuis 1985, au b\u00e9n\u00e9fice d'une autorisation d'\u00e9tablissement depuis 2001, condamn\u00e9 en 2015 pour actes d'ordre sexuel avec un enfant et viol \u00e0 une peine de 20 mois d'emprisonnement dont 6 ferme. R\u00e9vocation de son autorisation de s\u00e9jour dont recours. Motif de la r\u00e9vocation (longue peine d'emprisonnement) confirm\u00e9. Sous l'angle de la proportionnalit\u00e9, il y a un int\u00e9r\u00eat public important \u00e0 l'\u00e9loignement du recourant vu la gravit\u00e9 des faits pour lesquels il a \u00e9t\u00e9 condamn\u00e9 p\u00e9nalement. Culpabilit\u00e9 lourde et absence totale de prise de conscience. Cet int\u00e9r\u00eat public n'est pas contrebalanc\u00e9 par l'int\u00e9r\u00eat priv\u00e9 du recourant \u00e0 rester en Suisse, malgr\u00e9 la longue dur\u00e9e de son s\u00e9jour (34 ans). Compte tenu de sa condamnation, il ne semble pas avoir int\u00e9gr\u00e9 les r\u00e8gles de la vie en Suisse. Pas d'int\u00e9gration professionnelle et sociale r\u00e9ussie. Sur le plan priv\u00e9, le recourant ne d\u00e9montre pas entretenir des liens familiaux particuli\u00e8rement forts avec son fils de 9 ans qu'il a quitt\u00e9 \u00e0 l'\u00e2ge de 2 ans et demi et \u00e0 l'entretien duquel il ne contribue pas. Maintien des relations personnelles possibles depuis l'\u00e9tranger. Confirmation de la d\u00e9cision entreprise et rejet du recours.\rRecours au TF rejet\u00e9 (2C_89/2020 du 27 avril avril 2020)."}], "ScrapyJob": "446973/40/2238", "Zeit UTC": "10.04.2026 21:34:08", "Checksum": "a145dcdef349cbcaca0db40174a9ca68"}