{"Signatur": "VD_TC_031", "Spider": "VD_Omni", "Sprache": "fr", "Datum": "2019-08-21", "HTML": {"Datei": "VD_Omni/VD_TC_031_PE-2018-0410_2019-08-21.html", "URL": "http://www.jurisprudence.vd.ch/scripts/nph-omniscgi.exe?OmnisPlatform=WINDOWS&WebServerUrl=&WebServerScript=/scripts/nph-omniscgi.exe&OmnisLibrary=JURISWEB&OmnisClass=rtFindinfoWebHtmlService&OmnisServer=7001&Parametername=WWW_V4&Schema=VD_TA_WEB&Source=search.fiw&Aufruf=getMarkupDocument&cSprache=FRE&nF30_KEY=178049&W10_KEY=10550255&nTrefferzeile=14&Template=search/standard/results/document.fiw", "Checksum": "9948dce73cc19f843ad244a26f5fd5c7"}, "Scrapedate": "2023-01-01", "Num": ["PE.2018.0410"], "Kopfzeile": [{"Sprachen": ["fr", "de", "it"], "Text": "Vaud Tribunal cantonal Cour de droit administratif et public 21.08.2019 PE.2018.0410"}], "Meta": [{"Sprachen": ["de"], "Text": "Waadt  Cour de droit administratif et public"}, {"Sprachen": ["fr"], "Text": "Vaud Tribunal cantonal Cour de droit administratif et public"}, {"Sprachen": ["it"], "Text": "Vaud  Cour de droit administratif et public"}], "Abstract": [{"Sprachen": ["de", "fr", "it"], "Text": "A.________/Service de la population (SPOP) | Recours form\u00e9 par un ressortissant kosovar contre une d\u00e9cision du SPOP lui refusant l'octroi d'une autorisation de s\u00e9jour sous quelque forme que ce soit et pronon\u00e7ant son renvoi de Suisse. Le s\u00e9jour en Suisse du recourant (d'une dur\u00e9e d'une dizaine d'ann\u00e9es) ayant toujours \u00e9t\u00e9 ill\u00e9gal, il ne peut se pr\u00e9valoir d'un droit \u00e0 une autorisation de s\u00e9jour fond\u00e9 sur la protection de sa vie priv\u00e9e garantie par l'art. 8 par. 1 CEDH (consid. 4a). La question d'une \u00e9ventuelle violation de l'art. 7 Cst. (respect de la dignit\u00e9 humaine) ou encore de l'art. 10 al. 2 Cst. (libert\u00e9 personnelle) se confond avec celle d'une \u00e9ventuelle violation de l'art. 30 al. 1 let. b LEI (cas individuel d'une extr\u00eame gravit\u00e9) (consid. 4b/aa et 4b/cc). Pas de cas individuel d'une extr\u00eame gravit\u00e9 compte tenu des circonstances, en particulier du fait que la prise en compte du s\u00e9jour en Suisse doit \u00eatre fortement relativis\u00e9e au vu de son caract\u00e8re ill\u00e9gal, que le parcours professionnel et l'int\u00e9gration sociale de l'int\u00e9ress\u00e9 ne rev\u00eatent pas un caract\u00e8re exceptionnel respectivement que ses possibilit\u00e9s de r\u00e9int\u00e9gration au Kosovo, o\u00f9 vivent des membres de sa famille proche, ne sauraient \u00eatre qualifi\u00e9es de fortement compromises (consid. 4c). Rejet du recours et confirmation de la d\u00e9cision attaqu\u00e9e."}], "ScrapyJob": "446973/40/2238", "Zeit UTC": "10.04.2026 21:55:52", "Checksum": "08e4b55f04949df06109707962dcc177"}