{"Signatur": "VD_TC_031", "Spider": "VD_Omni", "Sprache": "fr", "Datum": "2019-10-31", "HTML": {"Datei": "VD_Omni/VD_TC_031_PE-2018-0420_2019-10-31.html", "URL": "http://www.jurisprudence.vd.ch/scripts/nph-omniscgi.exe?OmnisPlatform=WINDOWS&WebServerUrl=&WebServerScript=/scripts/nph-omniscgi.exe&OmnisLibrary=JURISWEB&OmnisClass=rtFindinfoWebHtmlService&OmnisServer=7001&Parametername=WWW_V4&Schema=VD_TA_WEB&Source=search.fiw&Aufruf=getMarkupDocument&cSprache=FRE&nF30_KEY=178310&W10_KEY=10550255&nTrefferzeile=49&Template=search/standard/results/document.fiw", "Checksum": "3b44882ac53cf5cbbe6df9a4ab3d9e8b"}, "Scrapedate": "2023-01-01", "Num": ["PE.2018.0420"], "Kopfzeile": [{"Sprachen": ["fr", "de", "it"], "Text": "Vaud Tribunal cantonal Cour de droit administratif et public 31.10.2019 PE.2018.0420"}], "Meta": [{"Sprachen": ["de"], "Text": "Waadt  Cour de droit administratif et public"}, {"Sprachen": ["fr"], "Text": "Vaud Tribunal cantonal Cour de droit administratif et public"}, {"Sprachen": ["it"], "Text": "Vaud  Cour de droit administratif et public"}], "Abstract": [{"Sprachen": ["de", "fr", "it"], "Text": "A.________ /Service de la population (SPOP) | Recours d'un ressortissant ivoirien au b\u00e9n\u00e9fice d'une autorisation d'\u00e9tablissement contre la d\u00e9cision refusant le regroupement familial de sa fille souffrant de surdit\u00e9 et mutit\u00e9 s\u00e9v\u00e8res. Bien que tardive, la demande de regroupement est justifi\u00e9e par des raisons familiales majeures. Le fait que la grand-m\u00e8re qui s'occupait de l'enfant en C\u00f4te d'Ivoire ne soit plus en mesure d'assumer sa prise en charge constitue un changement important des circonstances et il n'existe pas de prise en charge alternative sur place. En raison de son \u00e9tat de sant\u00e9, la fille du recourant est dans une situation de d\u00e9pendance vis-\u00e0-vis de son p\u00e8re qui entretient de longue date une relation personnelle et \u00e9conomique  \u00e9troite avec elle. Le recourant a d'ailleurs entrepris en C\u00f4te d'Ivoire les d\u00e9marches n\u00e9cessaires au regroupement depuis 2010. Le bien de l'enfant milite en faveur de son regroupement aupr\u00e8s de son p\u00e8re qui est d\u00e9sormais la seule personne \u00e0 m\u00eame d'assurer sa prise en charge. S'agissant des attaches familiales, sociales et culturelles nou\u00e9es par l'enfant dans son pays d'origine, elles doivent \u00eatre relativis\u00e9es et ne font pas obstacle au regroupement. Le recourant et son \u00e9pouse disposent de surcro\u00eet de ressources financi\u00e8res suffisantes et d'un logement ad\u00e9quat pour l'accueillir en Suisse, o\u00f9 elle pourra en outre b\u00e9n\u00e9ficier d'un suivi m\u00e9dical ad\u00e9quat indisponible en C\u00f4te d'Ivoire, ce qui lui permettra d'acqu\u00e9rir son autonomie. Le droit \u00e0 la vie familiale milite \u00e9galement en faveur du regroupement familial vu la d\u00e9pendance de l'enfant envers son p\u00e8re et les liens \u00e9troits qu'ils entretiennent. Admission du recours."}], "ScrapyJob": "446973/40/2238", "Zeit UTC": "10.04.2026 21:35:39", "Checksum": "f5bfd18cf6a410323638d4cd055190e2"}