{"Signatur": "VD_TC_031", "Spider": "VD_Omni", "Sprache": "fr", "Datum": "2019-04-25", "HTML": {"Datei": "VD_Omni/VD_TC_031_PE-2018-0449_2019-04-25.html", "URL": "http://www.jurisprudence.vd.ch/scripts/nph-omniscgi.exe?OmnisPlatform=WINDOWS&WebServerUrl=&WebServerScript=/scripts/nph-omniscgi.exe&OmnisLibrary=JURISWEB&OmnisClass=rtFindinfoWebHtmlService&OmnisServer=7001&Parametername=WWW_V4&Schema=VD_TA_WEB&Source=search.fiw&Aufruf=getMarkupDocument&cSprache=FRE&nF30_KEY=177558&W10_KEY=10550255&nTrefferzeile=9&Template=search/standard/results/document.fiw", "Checksum": "6fa5266c6eed6a46d5267feb141dd027"}, "Scrapedate": "2023-01-01", "Num": ["PE.2018.0449"], "Kopfzeile": [{"Sprachen": ["fr", "de", "it"], "Text": "Vaud Tribunal cantonal Cour de droit administratif et public 25.04.2019 PE.2018.0449"}], "Meta": [{"Sprachen": ["de"], "Text": "Waadt  Cour de droit administratif et public"}, {"Sprachen": ["fr"], "Text": "Vaud Tribunal cantonal Cour de droit administratif et public"}, {"Sprachen": ["it"], "Text": "Vaud  Cour de droit administratif et public"}], "Abstract": [{"Sprachen": ["de", "fr", "it"], "Text": "A.________/Service de la population (SPOP), D\u00e9partement de l'\u00e9conomie, de l'innovation et du sport (DEIS) | Confirmation de la d\u00e9cision du DEIS de r\u00e9voquer l'autorisation d'\u00e9tablissement d'un ressortissant italien, \u00e0 la suite de sa condamnation \u00e0 une peine privative de libert\u00e9 de deux ans, suspendue au profit d'une mesure institutionnelle, pour de graves infractions mettant notamment en cause l'int\u00e9grit\u00e9 corporelle et sexuelle. Le recourant repr\u00e9sente une menace grave et actuelle pour l'ordre public suisse, le risque qu'il r\u00e9cidive demeurant actuel, en l'absence d'une remise en question et d'une prise de conscience des cons\u00e9quences de ses actes sur ses victimes. L'\u00e9volution favorable du recourant doit \u00eatre mise en relation avec le cadre p\u00e9nitentiaire qui lui est impos\u00e9. A d\u00e9faut d'un tel encadrement, tous les experts amen\u00e9s \u00e0 se prononcer ne peuvent exclure un risque de r\u00e9cidive. L'int\u00e9r\u00eat du recourant \u00e0 poursuivre son s\u00e9jour en Suisse, o\u00f9 il a v\u00e9cu 17 ans sans toutefois parvenir \u00e0 s'int\u00e9grer professionnellement et o\u00f9 r\u00e9sident ses deux enfants mineurs, doit c\u00e9der le pas \u00e0 l'int\u00e9r\u00eat public tendant \u00e0 assurer l'ordre public. Recours rejet\u00e9.\rRecours au TF rejet\u00e9 par arr\u00eat 2C_489/2019 du 4 octobre 2019."}], "ScrapyJob": "446973/40/2238", "Zeit UTC": "10.04.2026 21:55:00", "Checksum": "b6d861c9db65c1cff464f73adaccaeb4"}