{"Signatur": "VD_TC_031", "Spider": "VD_Omni", "Sprache": "fr", "Datum": "2019-05-03", "HTML": {"Datei": "VD_Omni/VD_TC_031_PE-2018-0467_2019-05-03.html", "URL": "http://www.jurisprudence.vd.ch/scripts/nph-omniscgi.exe?OmnisPlatform=WINDOWS&WebServerUrl=&WebServerScript=/scripts/nph-omniscgi.exe&OmnisLibrary=JURISWEB&OmnisClass=rtFindinfoWebHtmlService&OmnisServer=7001&Parametername=WWW_V4&Schema=VD_TA_WEB&Source=search.fiw&Aufruf=getMarkupDocument&cSprache=FRE&nF30_KEY=177594&W10_KEY=10550255&nTrefferzeile=31&Template=search/standard/results/document.fiw", "Checksum": "8ff0058aea93b1b91625a31102349416"}, "Scrapedate": "2023-01-01", "Num": ["PE.2018.0467"], "Kopfzeile": [{"Sprachen": ["fr", "de", "it"], "Text": "Vaud Tribunal cantonal Cour de droit administratif et public 03.05.2019 PE.2018.0467"}], "Meta": [{"Sprachen": ["de"], "Text": "Waadt  Cour de droit administratif et public"}, {"Sprachen": ["fr"], "Text": "Vaud Tribunal cantonal Cour de droit administratif et public"}, {"Sprachen": ["it"], "Text": "Vaud  Cour de droit administratif et public"}], "Abstract": [{"Sprachen": ["de", "fr", "it"], "Text": "A.________/Service de la population (SPOP) | Confirmation du refus de prolonger l'autorisation de s\u00e9jour d'un ressortissant kosovar, entr\u00e9 en Suisse pour y entreprendre des \u00e9tudes de droit international \u00e0 l'UNIL et qui a obtenu une ma\u00eetrise dans cette branche. Depuis lors, le recourant a \u00e9pous\u00e9 une Suissesse dont il s'est s\u00e9par\u00e9 apr\u00e8s sept mois de vie commune, de sorte qu'il ne peut plus invoquer le regroupement familial avec son \u00e9pouse, avant d'entreprendre des \u00e9tudes en droit suisse \u00e0 l'UNIL, ce qui ne s\u2019inscrit pas dans son perfectionnement professionnel ou dans une formation continue et ne constitue pas un prolongement direct de sa formation de base. L'autorit\u00e9 intim\u00e9e \u00e9tait fond\u00e9e \u00e0 partir du principe que le recourant n\u2019avait nulle intention de quitter la Suisse et de retourner au Kosovo apr\u00e8s la fin de ses \u00e9tudes, soit apr\u00e8s avoir atteint le but de son s\u00e9jour temporaire; au contraire, son intention para\u00eet plut\u00f4t de vouloir s\u2019y \u00e9tablir durablement.\r(Recous d\u00e9clar\u00e9 irrecevable par arr\u00eat du Tribunal f\u00e9d\u00e9ral 2C_521/2019 du 6 juin 2019.)"}], "ScrapyJob": "446973/40/2238", "Zeit UTC": "10.04.2026 21:42:08", "Checksum": "be0df056ca573135bc89a9e6b2ee6043"}