{"Signatur": "VD_TC_031", "Spider": "VD_Omni", "Sprache": "fr", "Datum": "2019-08-15", "HTML": {"Datei": "VD_Omni/VD_TC_031_PE-2018-0507_2019-08-15.html", "URL": "http://www.jurisprudence.vd.ch/scripts/nph-omniscgi.exe?OmnisPlatform=WINDOWS&WebServerUrl=&WebServerScript=/scripts/nph-omniscgi.exe&OmnisLibrary=JURISWEB&OmnisClass=rtFindinfoWebHtmlService&OmnisServer=7001&Parametername=WWW_V4&Schema=VD_TA_WEB&Source=search.fiw&Aufruf=getMarkupDocument&cSprache=FRE&nF30_KEY=178036&W10_KEY=10550255&nTrefferzeile=23&Template=search/standard/results/document.fiw", "Checksum": "458eb63e821ff8649a4df2f0dee9b339"}, "Scrapedate": "2023-01-01", "Num": ["PE.2018.0507"], "Kopfzeile": [{"Sprachen": ["fr", "de", "it"], "Text": "Vaud Tribunal cantonal Cour de droit administratif et public 15.08.2019 PE.2018.0507"}], "Meta": [{"Sprachen": ["de"], "Text": "Waadt  Cour de droit administratif et public"}, {"Sprachen": ["fr"], "Text": "Vaud Tribunal cantonal Cour de droit administratif et public"}, {"Sprachen": ["it"], "Text": "Vaud  Cour de droit administratif et public"}], "Abstract": [{"Sprachen": ["de", "fr", "it"], "Text": "A.________ et B.________ /Service de la population (SPOP), Office des curatelles et tutelles professionnelles | Confirmation du refus de prolonger les autorisations de s\u00e9jour d'une ressortissante communautaire et de ses cinq enfants mineurs. \rInvit\u00e9e \u00e0 plusieurs reprises \u00e0 produire ses recherches d'emploi et les fiches de salaire de son compagnon, la recourante a refus\u00e9 de collaborer.\rLa recourante n\u2019exerce plus d\u2019emploi depuis plusieurs ann\u00e9es et d\u00e9pend enti\u00e8rement de l\u2019assistance publique pour son entretien et celui de ses enfants; pour ce seul motif, il y a lieu de consid\u00e9rer qu\u2019elle a perdu la qualit\u00e9 de travailleur au sens de l'ALCP. \rNi elle, ni ses enfants ne peuvent invoquer un droit \u00e0 la libre circulation; aucune des quatre filles n'a d\u00e9but\u00e9 le cycle de scolarit\u00e9 secondaire et toutes parlent la langue de leur pays d'origine; quant \u00e0 son fils \u00e2g\u00e9 de trois ans, il n'est pas scolaris\u00e9.\rLa recourante s\u00e9journe en Suisse depuis douze ans mais ne peut pas se pr\u00e9valoir d'une bonne int\u00e9gration; sa r\u00e9int\u00e9gration dans son pays d'origine, de m\u00eame que celle de ses enfants, n'appara\u00eet pas comme \u00e9tant compromise et n'entra\u00eenerait pas une s\u00e9paration de la famille.\r"}], "ScrapyJob": "446973/40/2238", "Zeit UTC": "10.04.2026 21:38:56", "Checksum": "a01227c1b3d256763aa4061a9f793547"}