{"Signatur": "VD_TC_031", "Spider": "VD_Omni", "Sprache": "fr", "Datum": "2019-11-29", "HTML": {"Datei": "VD_Omni/VD_TC_031_PE-2019-0164_2019-11-29.html", "URL": "http://www.jurisprudence.vd.ch/scripts/nph-omniscgi.exe?OmnisPlatform=WINDOWS&WebServerUrl=&WebServerScript=/scripts/nph-omniscgi.exe&OmnisLibrary=JURISWEB&OmnisClass=rtFindinfoWebHtmlService&OmnisServer=7001&Parametername=WWW_V4&Schema=VD_TA_WEB&Source=search.fiw&Aufruf=getMarkupDocument&cSprache=FRE&nF30_KEY=178439&W10_KEY=10550255&nTrefferzeile=50&Template=search/standard/results/document.fiw", "Checksum": "f6619a32420d444da10dd15544023178"}, "Scrapedate": "2023-01-01", "Num": ["PE.2019.0164"], "Kopfzeile": [{"Sprachen": ["fr", "de", "it"], "Text": "Vaud Tribunal cantonal Cour de droit administratif et public 29.11.2019 PE.2019.0164"}], "Meta": [{"Sprachen": ["de"], "Text": "Waadt  Cour de droit administratif et public"}, {"Sprachen": ["fr"], "Text": "Vaud Tribunal cantonal Cour de droit administratif et public"}, {"Sprachen": ["it"], "Text": "Vaud  Cour de droit administratif et public"}], "Abstract": [{"Sprachen": ["de", "fr", "it"], "Text": "A.________/D\u00e9partement de l'\u00e9conomie, de l'innovation et du sport (DEIS), Service de la population (SPOP) | Recours contre la r\u00e9vocation de l'autorisation d'\u00e9tablissement d'un ressortissant kosovar condamn\u00e9 \u00e0 onze reprises entre 2009 et 2017, \u00e0 des peines totalisant 17 mois d'emprisonnement et 676 jours-amende.\r\rL'accumulation de condamnations et la gravit\u00e9 de certaines infractions (l\u00e9sions corporelles) d\u00e9montrent que le recourant constitue une menace tr\u00e8s grave pour l'ordre public. Le risque de r\u00e9cidive ne peut pas \u00eatre compl\u00e8tement \u00e9cart\u00e9 en l'\u00e9tat, la lib\u00e9ration conditionnelle accord\u00e9e au terme d'un peu plus d'un an d'emprisonnement n'\u00e9tant pas d\u00e9cisive \u00e0 cet \u00e9gard. L'int\u00e9gration du recourant n'est pas r\u00e9ussie et l'int\u00e9r\u00eat public \u00e0 son \u00e9loignement l'emporte sur son int\u00e9r\u00eat priv\u00e9 \u00e0 rester en Suisse, malgr\u00e9 la pr\u00e9sence de sa femme et de son fils \u00e2g\u00e9 de 9 ans, tous deux de nationalit\u00e9 suisse. Recours rejet\u00e9.\rRecours au TF rejet\u00e9 par arr\u00eat du 25 mars 2020 (2C_1072/2019)."}], "ScrapyJob": "446973/40/2238", "Zeit UTC": "10.04.2026 21:33:59", "Checksum": "571f64402b06d77cb91abbfb64651728"}