{"Signatur": "VD_TC_031", "Spider": "VD_Omni", "Sprache": "fr", "Datum": "2019-09-24", "HTML": {"Datei": "VD_Omni/VD_TC_031_PE-2019-0314_2019-09-24.html", "URL": "http://www.jurisprudence.vd.ch/scripts/nph-omniscgi.exe?OmnisPlatform=WINDOWS&WebServerUrl=&WebServerScript=/scripts/nph-omniscgi.exe&OmnisLibrary=JURISWEB&OmnisClass=rtFindinfoWebHtmlService&OmnisServer=7001&Parametername=WWW_V4&Schema=VD_TA_WEB&Source=search.fiw&Aufruf=getMarkupDocument&cSprache=FRE&nF30_KEY=178165&W10_KEY=10550255&nTrefferzeile=17&Template=search/standard/results/document.fiw", "Checksum": "f78f127aca11bb5eeb186a1297412b0f"}, "Scrapedate": "2023-01-01", "Num": ["PE.2019.0314"], "Kopfzeile": [{"Sprachen": ["fr", "de", "it"], "Text": "Vaud Tribunal cantonal Cour de droit administratif et public 24.09.2019 PE.2019.0314"}], "Meta": [{"Sprachen": ["de"], "Text": "Waadt  Cour de droit administratif et public"}, {"Sprachen": ["fr"], "Text": "Vaud Tribunal cantonal Cour de droit administratif et public"}, {"Sprachen": ["it"], "Text": "Vaud  Cour de droit administratif et public"}], "Abstract": [{"Sprachen": ["de", "fr", "it"], "Text": "A.________ /Service de la population (SPOP) | Recours manifestement mal fond\u00e9 dans la mesure o\u00f9 il est recevable. Le recourant ex\u00e9cute une peine privative de libert\u00e9 de 18 mois \u00e0 la suite d'un jugement rendu le 21 mai 2015. Il avait d\u00e9pos\u00e9 une demande d'asile en novembre 2012 et fait l'objet d'une d\u00e9cision de non-entr\u00e9e en mati\u00e8re en janvier 2013, avant de dispara\u00eetre dans la nature. Le SPOP a rendu une d\u00e9cision pronon\u00e7ant son renvoi de Suisse d\u00e8s sa sortie de prison. Le recourant d\u00e9clare accepter de quitter la Suisse, mais pas le territoire des Etats Schengen, car il souhaite retourner en Allemagne o\u00f9 il aurait d\u00e9pos\u00e9 une demande d'asile en novembre 2016. Compte tenu de la directive sur le retour (2008/115/CE adopt\u00e9e par le Parlement europ\u00e9en et le Conseil le 16 d\u00e9cembre 2008), qui constitue un acquis de Schengen que la Suisse est tenue de reprendre, il n'y a pas de place pour une application discr\u00e9tionnaire de la r\u00e9f\u00e9rence aux pays de l'Espace Schengen dans les d\u00e9cisions des autorit\u00e9s suisses comp\u00e9tentes en mati\u00e8re de droit des \u00e9trangers. En l'esp\u00e8ce, le renvoi de Suisse n'\u00e9tant pas contest\u00e9, on peut se demander si le recours a v\u00e9ritablement un objet dans la mesure o\u00f9 la question de la r\u00e9admission par un autre Etat ne d\u00e9pend pas de l'autorit\u00e9 intim\u00e9e."}], "ScrapyJob": "446973/40/2238", "Zeit UTC": "10.04.2026 21:37:39", "Checksum": "82190a3d728e3ebe74b5cce3102385a4"}