{"Signatur": "VD_TC_031", "Spider": "VD_Omni", "Sprache": "fr", "Datum": "2020-10-22", "HTML": {"Datei": "VD_Omni/VD_TC_031_PE-2019-0379_2020-10-22.html", "URL": "http://www.jurisprudence.vd.ch/scripts/nph-omniscgi.exe?OmnisPlatform=WINDOWS&WebServerUrl=&WebServerScript=/scripts/nph-omniscgi.exe&OmnisLibrary=JURISWEB&OmnisClass=rtFindinfoWebHtmlService&OmnisServer=7001&Parametername=WWW_V4&Schema=VD_TA_WEB&Source=search.fiw&Aufruf=getMarkupDocument&cSprache=FRE&nF30_KEY=179613&W10_KEY=10550255&nTrefferzeile=13&Template=search/standard/results/document.fiw", "Checksum": "9598fa7a0b246b200ebdbcc0d2ccea61"}, "Scrapedate": "2023-01-01", "Num": ["PE.2019.0379"], "Kopfzeile": [{"Sprachen": ["fr", "de", "it"], "Text": "Vaud Tribunal cantonal Cour de droit administratif et public 22.10.2020 PE.2019.0379"}], "Meta": [{"Sprachen": ["de"], "Text": "Waadt  Cour de droit administratif et public"}, {"Sprachen": ["fr"], "Text": "Vaud Tribunal cantonal Cour de droit administratif et public"}, {"Sprachen": ["it"], "Text": "Vaud  Cour de droit administratif et public"}], "Abstract": [{"Sprachen": ["de", "fr", "it"], "Text": "A.________ /Service de la population (SPOP) | Recours contre le rejet d'une demande d'autorisation de s\u00e9jour d'un ressortissant du Kosovo fond\u00e9e sur un cas de rigueur, pour des motifs de sant\u00e9 (suivi de traitements et de la proc\u00e9dure entreprise aupr\u00e8s de l'assurance-invalidit\u00e9). \rArriv\u00e9 en Suisse en 1987, le recourant est sans titre de s\u00e9jour valable depuis 1994. Depuis lors, il est retourn\u00e9 au Kosovo \u00e0 plusieurs reprises et pour de longues p\u00e9riodes. La dur\u00e9e ininterrompue de son s\u00e9jour en Suisse ne peut \u00eatre qualifi\u00e9e de tr\u00e8s longue. Son s\u00e9jour, majoritairement pr\u00e9caire, ne suffit pas \u00e0 \u00e9tablir un enracinement important induisant un cas individuel d'extr\u00eame gravit\u00e9 et n'offre pas non plus une protection sous l'angle de l'art. 8 CEDH. \rSon int\u00e9gration n'est pas particuli\u00e8rement r\u00e9ussie : sans domicile fixe pendant des ann\u00e9es, dormant dans des structures d'accueil d'urgence, il a peu travaill\u00e9, et majoritairement sans permis. \rLes traitements m\u00e9dicaux dont il a besoin peuvent lui \u00eatre prodigu\u00e9s au Kosovo. Ses \u00e9ventuels droits envers l'assurance-invalidit\u00e9 sont pr\u00e9serv\u00e9s m\u00eame en cas de retour au Kosovo, compte tenu de la Convention de s\u00e9curit\u00e9 sociale conclue entre les deux pays (en vigueur depuis 01.09.2019).\rRecours rejet\u00e9.\rRecours en mati\u00e8re de droit public au TF d\u00e9clar\u00e9 irrecevable (2C_978/2020). \r"}], "ScrapyJob": "446973/40/2238", "Zeit UTC": "10.04.2026 21:23:34", "Checksum": "b79efa3bbad9b8b63623c220ba827424"}