{"Signatur": "VD_TC_031", "Spider": "VD_Omni", "Sprache": "fr", "Datum": "2020-09-02", "HTML": {"Datei": "VD_Omni/VD_TC_031_PE-2019-0411_2020-09-02.html", "URL": "http://www.jurisprudence.vd.ch/scripts/nph-omniscgi.exe?OmnisPlatform=WINDOWS&WebServerUrl=&WebServerScript=/scripts/nph-omniscgi.exe&OmnisLibrary=JURISWEB&OmnisClass=rtFindinfoWebHtmlService&OmnisServer=7001&Parametername=WWW_V4&Schema=VD_TA_WEB&Source=search.fiw&Aufruf=getMarkupDocument&cSprache=FRE&nF30_KEY=179445&W10_KEY=10550255&nTrefferzeile=1&Template=search/standard/results/document.fiw", "Checksum": "dfa8e20a4821a64dbdbe0cc2e1796856"}, "Scrapedate": "2023-01-01", "Num": ["PE.2019.0411"], "Kopfzeile": [{"Sprachen": ["fr", "de", "it"], "Text": "Vaud Tribunal cantonal Cour de droit administratif et public 02.09.2020 PE.2019.0411"}], "Meta": [{"Sprachen": ["de"], "Text": "Waadt  Cour de droit administratif et public"}, {"Sprachen": ["fr"], "Text": "Vaud Tribunal cantonal Cour de droit administratif et public"}, {"Sprachen": ["it"], "Text": "Vaud  Cour de droit administratif et public"}], "Abstract": [{"Sprachen": ["de", "fr", "it"], "Text": "A.________/Service de la population (SPOP) | R\u00e9vocation d'une autorisation de s\u00e9jour d'un ressortissant fran\u00e7ais confirm\u00e9e.\rSans emploi depuis d\u00e9cembre 2017, le recourant a perdu son statut de travailleur au sens de l'ALCP. Son droit de s\u00e9jour s'est \u00e9teint 6 mois apr\u00e8s la perte de son dernier emploi, d\u00e8s lors qu'il n'a pas b\u00e9n\u00e9fici\u00e9 d'indemnit\u00e9s de ch\u00f4mage.\rLe recourant ne peut se pr\u00e9valoir d'un droit de demeurer, car il n'existe aucune incapacit\u00e9 permanente de travail attest\u00e9e au moment o\u00f9 l'int\u00e9ress\u00e9 avait encore le statut de travailleur.\rLa poursuite du s\u00e9jour sur la base de l'art. 24 par. 1 Annexe I ALCP n'est pas envisageable, le recourant \u00e9margeant \u00e0 l'aide sociale.\rLes conditions du cas de rigueur et de la protection de la vie priv\u00e9e et familiale ne sont pas r\u00e9alis\u00e9es. La question de la dur\u00e9e effective du s\u00e9jour peut \u00eatre laiss\u00e9e ouverte, car quoi qu'il en soit, le recourant ne pourrait pas pr\u00e9tendre au maintien de son titre de s\u00e9jour compte tenu de sa mauvaise int\u00e9gration professionnelle et sociale (nombreuses condamnations p\u00e9nales). La r\u00e9int\u00e9gration dans son pays d'origine (a \u00e9t\u00e9 scolaris\u00e9 et habit\u00e9 en Haute-Savoie), ne posera pas de difficult\u00e9s insurmontables. M\u00eame \u00e0 admettre que le recourant n\u00e9cessite une prise en charge au plan psychiatrique, elle pourra intervenir dans ce pays."}], "ScrapyJob": "446973/40/2238", "Zeit UTC": "10.04.2026 21:25:56", "Checksum": "120b8d0a580b397df91d6b443489cf81"}