{"Signatur": "VD_TC_031", "Spider": "VD_Omni", "Sprache": "fr", "Datum": "2020-07-21", "HTML": {"Datei": "VD_Omni/VD_TC_031_PE-2019-0433_2020-07-21.html", "URL": "http://www.jurisprudence.vd.ch/scripts/nph-omniscgi.exe?OmnisPlatform=WINDOWS&WebServerUrl=&WebServerScript=/scripts/nph-omniscgi.exe&OmnisLibrary=JURISWEB&OmnisClass=rtFindinfoWebHtmlService&OmnisServer=7001&Parametername=WWW_V4&Schema=VD_TA_WEB&Source=search.fiw&Aufruf=getMarkupDocument&cSprache=FRE&nF30_KEY=179300&W10_KEY=10550255&nTrefferzeile=7&Template=search/standard/results/document.fiw", "Checksum": "b3888592b86d0389876539a210d5a4ff"}, "Scrapedate": "2023-01-01", "Num": ["PE.2019.0433"], "Kopfzeile": [{"Sprachen": ["fr", "de", "it"], "Text": "Vaud Tribunal cantonal Cour de droit administratif et public 21.07.2020 PE.2019.0433"}], "Meta": [{"Sprachen": ["de"], "Text": "Waadt  Cour de droit administratif et public"}, {"Sprachen": ["fr"], "Text": "Vaud Tribunal cantonal Cour de droit administratif et public"}, {"Sprachen": ["it"], "Text": "Vaud  Cour de droit administratif et public"}], "Abstract": [{"Sprachen": ["de", "fr", "it"], "Text": "A.________/Service de la population (SPOP) | Le refus initial de d\u00e9livrer une autorisation de s\u00e9jour au recourant, ressortissant kosovar, a pr\u00e9c\u00e9demment \u00e9t\u00e9 confirm\u00e9 par la CDAP en 2016. Cette d\u00e9cision ne peut donc plus faire l'objet d'un r\u00e9examen et la demande du recourant en ce sens devait \u00eatre d\u00e9clar\u00e9e irrecevable par le SPOP pour ce seul motif. \rA supposer que cette demande ait d\u00fb \u00eatre trait\u00e9e comme une nouvelle demande d'autorisation de s\u00e9jour, l'issue de la proc\u00e9dure serait la m\u00eame. En effet, aucun des motifs invoqu\u00e9s par le recourant n\u2019est de nature \u00e0 modifier, dans une mesure juridiquement pertinente, l'\u00e9tat de fait \u00e0 la base de la d\u00e9cision n\u00e9gative initiale et \u00e0 aboutir \u00e0 un r\u00e9sultat diff\u00e9rent. Le recourant a toujours v\u00e9cu en Suisse de fa\u00e7on ill\u00e9gale et y est demeur\u00e9 au m\u00e9pris des interdictions d\u2019entr\u00e9e et d\u00e9cisions de renvoi prononc\u00e9es \u00e0 son encontre, ce que la CDAP avait d\u00e9j\u00e0 relev\u00e9 dans l'arr\u00eat pr\u00e9c\u00e9dent; il n'est pas fond\u00e9 \u00e0 se pr\u00e9valoir du respect de sa vie familiale dans la mesure o\u00f9 ni son fils n\u00e9 en 2019, ni la m\u00e8re de ce dernier n'ont de statut l\u00e9gal en Suisse; enfin, il ne se pr\u00e9vaut d'aucun \u00e9l\u00e9ment nouveau permettant de retenir que sa r\u00e9int\u00e9gration dans son pays d'origine serait compromise."}], "ScrapyJob": "446973/40/2238", "Zeit UTC": "10.04.2026 21:26:16", "Checksum": "5e09c6e9d05815a4975c3bd5adbb4b9a"}