{"Signatur": "VD_TC_031", "Spider": "VD_Omni", "Sprache": "fr", "Datum": "2020-07-15", "HTML": {"Datei": "VD_Omni/VD_TC_031_PE-2020-0084_2020-07-15.html", "URL": "http://www.jurisprudence.vd.ch/scripts/nph-omniscgi.exe?OmnisPlatform=WINDOWS&WebServerUrl=&WebServerScript=/scripts/nph-omniscgi.exe&OmnisLibrary=JURISWEB&OmnisClass=rtFindinfoWebHtmlService&OmnisServer=7001&Parametername=WWW_V4&Schema=VD_TA_WEB&Source=search.fiw&Aufruf=getMarkupDocument&cSprache=FRE&nF30_KEY=179267&W10_KEY=10550255&nTrefferzeile=31&Template=search/standard/results/document.fiw", "Checksum": "148c8962bb3ac1dc35b7014b048ddfc4"}, "Scrapedate": "2023-01-01", "Num": ["PE.2020.0084"], "Kopfzeile": [{"Sprachen": ["fr", "de", "it"], "Text": "Vaud Tribunal cantonal Cour de droit administratif et public 15.07.2020 PE.2020.0084"}], "Meta": [{"Sprachen": ["de"], "Text": "Waadt  Cour de droit administratif et public"}, {"Sprachen": ["fr"], "Text": "Vaud Tribunal cantonal Cour de droit administratif et public"}, {"Sprachen": ["it"], "Text": "Vaud  Cour de droit administratif et public"}], "Abstract": [{"Sprachen": ["de", "fr", "it"], "Text": "A.________ /Service de la population (SPOP) | Rejet du recours manifestement mal fond\u00e9 contre le refus du SPOP de renouveler l'autorisation de s\u00e9jour d'un ressortissant br\u00e9silien, n\u00e9 en 1997, arriv\u00e9 en Suisse \u00e0 l'\u00e2ge de huit ans pour vivre aupr\u00e8s de sa m\u00e8re. Condamn\u00e9 en juillet 2017 pour mise en danger de la vie d'autrui, tentative de menaces, infraction \u00e0 la LArm et infraction \u00e0 la LStup commises avant le 1er octobre 2016 \u00e0 une peine privative de libert\u00e9 de trois ans, le recourant r\u00e9alise les motifs de r\u00e9vocation pr\u00e9vus par l'art. 62 al. 1 let. b et c LEI. Par ailleurs, il d\u00e9pend de l'aide sociale (art. 62 al. 1 let. e LEI). L'int\u00e9r\u00eat public \u00e0 son \u00e9loignement l'emporte manifestement sur son int\u00e9r\u00eat priv\u00e9 \u00e0 rester en Suisse, son int\u00e9gration n'\u00e9tant de loin pas r\u00e9ussie, notamment du point de vue professionnel. Il n'entretient des liens \u00e9troits avec aucun de ses deux enfants et n'a jamais contribu\u00e9 \u00e0 leur entretien."}], "ScrapyJob": "446973/40/2238", "Zeit UTC": "10.04.2026 21:26:40", "Checksum": "0dffaed03c7e544ba9ec25a4b8542d26"}