{"Signatur": "VD_TC_031", "Spider": "VD_Omni", "Sprache": "fr", "Datum": "2022-07-12", "HTML": {"Datei": "VD_Omni/VD_TC_031_PE-2021-0168_2022-07-12.html", "URL": "http://www.jurisprudence.vd.ch/scripts/nph-omniscgi.exe?OmnisPlatform=WINDOWS&WebServerUrl=&WebServerScript=/scripts/nph-omniscgi.exe&OmnisLibrary=JURISWEB&OmnisClass=rtFindinfoWebHtmlService&OmnisServer=7001&Parametername=WWW_V4&Schema=VD_TA_WEB&Source=search.fiw&Aufruf=getMarkupDocument&cSprache=FRE&nF30_KEY=181604&W10_KEY=10550255&nTrefferzeile=17&Template=search/standard/results/document.fiw", "Checksum": "d8f90813cfb3416659bb2144ca4302ed"}, "Scrapedate": "2023-01-01", "Num": ["PE.2021.0168"], "Kopfzeile": [{"Sprachen": ["fr", "de", "it"], "Text": "Vaud Tribunal cantonal Cour de droit administratif et public 12.07.2022 PE.2021.0168"}], "Meta": [{"Sprachen": ["de"], "Text": "Waadt  Cour de droit administratif et public"}, {"Sprachen": ["fr"], "Text": "Vaud Tribunal cantonal Cour de droit administratif et public"}, {"Sprachen": ["it"], "Text": "Vaud  Cour de droit administratif et public"}], "Abstract": [{"Sprachen": ["de", "fr", "it"], "Text": "A.________ /D\u00e9partement de l'\u00e9conomie, de l'innovation de l'emploi et, Service de la population (SPOP) | Recours contre la d\u00e9cision du DEIEP pronon\u00e7ant la r\u00e9trogradation de l'autorisation d'\u00e9tablissement d'un ressortissant \u00e9tranger en une autorisation de s\u00e9jour. Le prononc\u00e9 d'une r\u00e9trogradation est en particulier possible m\u00eame lorsque le juge p\u00e9nal a renonc\u00e9 \u00e0 prononcer une expulsion, et pas uniquement lorsque d'autres motifs que la condamnation p\u00e9nale le justifient. Une r\u00e9trogradation peut en outre concerner les autorisations d'\u00e9tablissement d\u00e9livr\u00e9es avant le 1er janvier 2019, pour autant que la mesure se fonde sur des faits qui ont d\u00e9but\u00e9s ou qui se poursuivent apr\u00e8s cette date. En l'esp\u00e8ce, en pr\u00e9sence d'un d\u00e9faut d'int\u00e9gration \u00e9conomique du recourant, qui est lourdement endett\u00e9, ainsi que de la commission d'actes graves ayant conduit \u00e0 sa condamnation \u00e0 une peine privative de libert\u00e9 de trois ans, l'autorit\u00e9 intim\u00e9e \u00e9tait fond\u00e9e \u00e0 prononcer la r\u00e9trogradation de son autorisation d'\u00e9tablissement en une autorisation de s\u00e9jour, cette mesure \u00e9tant proportionn\u00e9e. Recours rejet\u00e9.\rRecours au TF rejet\u00e9 (2C_723/2022 du 30 novembre 2022)."}], "ScrapyJob": "446973/40/2238", "Zeit UTC": "10.04.2026 21:05:32", "Checksum": "3a93f9103e2533157c62c457d07dbd87"}