{"Signatur": "VD_TC_031", "Spider": "VD_Omni", "Sprache": "fr", "Datum": "2023-05-31", "HTML": {"Datei": "VD_Omni/VD_TC_031_PE-2022-0103_2023-05-31.html", "URL": "http://www.jurisprudence.vd.ch/scripts/nph-omniscgi.exe?OmnisPlatform=WINDOWS&WebServerUrl=&WebServerScript=/scripts/nph-omniscgi.exe&OmnisLibrary=JURISWEB&OmnisClass=rtFindinfoWebHtmlService&OmnisServer=7001&Parametername=WWW_V4&Schema=VD_TA_WEB&Source=search.fiw&Aufruf=getMarkupDocument&cSprache=FRE&nF30_KEY=182532&W10_KEY=10550255&nTrefferzeile=33&Template=search/standard/results/document.fiw", "Checksum": "06f608a132badfc302cb44b80b629884"}, "Scrapedate": "2023-01-01", "Num": ["PE.2022.0103"], "Kopfzeile": [{"Sprachen": ["fr", "de", "it"], "Text": "Vaud Tribunal cantonal Cour de droit administratif et public 31.05.2023 PE.2022.0103"}], "Meta": [{"Sprachen": ["de"], "Text": "Waadt  Cour de droit administratif et public"}, {"Sprachen": ["fr"], "Text": "Vaud Tribunal cantonal Cour de droit administratif et public"}, {"Sprachen": ["it"], "Text": "Vaud  Cour de droit administratif et public"}], "Abstract": [{"Sprachen": ["de", "fr", "it"], "Text": "A.________ et B.________ /Service de la population (SPOP) | Recours contre la d\u00e9cision du SPOP refusant d'accorder une autorisation de s\u00e9jour, par regroupement familial diff\u00e9r\u00e9, \u00e0 deux fr\u00e8res ressortissants de Mac\u00e9doine du Nord souhaitant rejoindre leur p\u00e8re, titulaire d'une autorisation d'\u00e9tablissement. Les requ\u00e9rants \u00e2g\u00e9s de plus de dix-huit ans, comme en l'esp\u00e8ce, ne peuvent se pr\u00e9valoir des art. 42 ss LEI pour obtenir le regroupement familial avec un parent. Il est ainsi inutile d'examiner les conditions du regroupement familial diff\u00e9r\u00e9 au regard de l\u2019art. 47 al. 4 LEI, qui ne trouve pas application (c. 3). Sous l'angle du cas de rigueur, les recourants ne d\u00e9montrent pas, en particulier, que leur venue serait justifi\u00e9e par la n\u00e9cessit\u00e9 de venir en aide \u00e0 leur p\u00e8re - souffrant d'importants probl\u00e8mes de sant\u00e9 - en tant que proches aidants (c. 4). Enfin, c'est \u00e0 tort que les recourants reprochent aux autorit\u00e9s migratoires de ne pas avoir attir\u00e9 l'attention de leur p\u00e8re sur la proximit\u00e9 de l'\u00e9ch\u00e9ance des d\u00e9lais pour demander le regroupement familial (c. 5). Recours rejet\u00e9 selon la proc\u00e9dure de jugement rapide de l'art. 82 LPA-VD.\rRecours au TF d\u00e9clar\u00e9s irrecevables par arr\u00eat du 20 juillet 2023 (2C_404/2023 et 2C_382/2023)."}], "ScrapyJob": "446973/40/2238", "Zeit UTC": "10.04.2026 20:55:45", "Checksum": "0fc7eaca4bced521585efc511cbf9b73"}