{"Signatur": "VD_TC_031", "Spider": "VD_Omni", "Sprache": "fr", "Datum": "2023-08-23", "HTML": {"Datei": "VD_Omni/VD_TC_031_PE-2022-0142_2023-08-23.html", "URL": "http://www.jurisprudence.vd.ch/scripts/nph-omniscgi.exe?OmnisPlatform=WINDOWS&WebServerUrl=&WebServerScript=/scripts/nph-omniscgi.exe&OmnisLibrary=JURISWEB&OmnisClass=rtFindinfoWebHtmlService&OmnisServer=7001&Parametername=WWW_V4&Schema=VD_TA_WEB&Source=search.fiw&Aufruf=getMarkupDocument&cSprache=FRE&nF30_KEY=182845&W10_KEY=10550255&nTrefferzeile=48&Template=search/standard/results/document.fiw", "Checksum": "f12c128d018ef937bed625c5abf388fd"}, "Scrapedate": "2023-01-01", "Num": ["PE.2022.0142"], "Kopfzeile": [{"Sprachen": ["fr", "de", "it"], "Text": "Vaud Tribunal cantonal Cour de droit administratif et public 23.08.2023 PE.2022.0142"}], "Meta": [{"Sprachen": ["de"], "Text": "Waadt  Cour de droit administratif et public"}, {"Sprachen": ["fr"], "Text": "Vaud Tribunal cantonal Cour de droit administratif et public"}, {"Sprachen": ["it"], "Text": "Vaud  Cour de droit administratif et public"}], "Abstract": [{"Sprachen": ["de", "fr", "it"], "Text": "A.________/D\u00e9partement de l'\u00e9conomie, de l'innovation, de l'emploi et, Service de la population (SPOP) | Recours contre la d\u00e9cision du DEIEP pronon\u00e7ant la r\u00e9trogradation de l'autorisation d'\u00e9tablissement d'un ressortissant italien en une autorisation de s\u00e9jour valable un an \u00e0 la suite notamment d'une condamnation p\u00e9nale \u00e0 une peine privative de libert\u00e9 de 30 mois dont 24 mois avec sursis pour un brigandage commis en 2019. Rappel des conditions auxquelles une r\u00e9trogradation est possible. Constat que le recourant ne remplit pas les crit\u00e8res d'int\u00e9gration au vu de sa lourde condamnation mais r\u00e9trogradiation disproportionn\u00e9e  au vu de la dur\u00e9e de sa pr\u00e9sence en Suisse (\u00e2g\u00e9 de 23 ans, il y vit depuis sa naissance), de la pr\u00e9sence de toute sa famille proche en Suisse, de son int\u00e9gration \u00e9conomique, et du fait que les infractions pour lesquelles il a \u00e9t\u00e9 condamn\u00e9 datent de 2019, qu'il \u00e9tait alors \u00e2g\u00e9 de moins de 19 ans et souffrait de troubles psychiques, et que depuis lors, il n'a pas donn\u00e9 lieu \u00e0 des observations. Recours partiellement admis en ce sens qu'un avertissement est adress\u00e9 au recourant.\r"}], "ScrapyJob": "446973/40/2238", "Zeit UTC": "10.04.2026 20:53:32", "Checksum": "cb75d8a658351f9e2d1c9a1ba42be793"}