{"Signatur": "VD_TC_031", "Spider": "VD_Omni", "Sprache": "fr", "Datum": "2024-04-29", "HTML": {"Datei": "VD_Omni/VD_TC_031_PE-2023-0168_2024-04-29.html", "URL": "http://www.jurisprudence.vd.ch/scripts/nph-omniscgi.exe?OmnisPlatform=WINDOWS&WebServerUrl=&WebServerScript=/scripts/nph-omniscgi.exe&OmnisLibrary=JURISWEB&OmnisClass=rtFindinfoWebHtmlService&OmnisServer=7001&Parametername=WWW_V4&Schema=VD_TA_WEB&Source=search.fiw&Aufruf=getMarkupDocument&cSprache=FRE&nF30_KEY=183721&W10_KEY=10550255&nTrefferzeile=19&Template=search/standard/results/document.fiw", "Checksum": "11a3c24c8daffe80753974bbd7378bb5"}, "Scrapedate": "2023-01-01", "Num": ["PE.2023.0168"], "Kopfzeile": [{"Sprachen": ["fr", "de", "it"], "Text": "Vaud Tribunal cantonal Cour de droit administratif et public 29.04.2024 PE.2023.0168"}], "Meta": [{"Sprachen": ["de"], "Text": "Waadt  Cour de droit administratif et public"}, {"Sprachen": ["fr"], "Text": "Vaud Tribunal cantonal Cour de droit administratif et public"}, {"Sprachen": ["it"], "Text": "Vaud  Cour de droit administratif et public"}], "Abstract": [{"Sprachen": ["de", "fr", "it"], "Text": "A.________/Direction g\u00e9n\u00e9rale de l'emploi et du march\u00e9 du travail (DGEM), B.________ | Confirmation du refus de d\u00e9livrer une autorisation de travail en faveur d'une ressortissante alg\u00e9rienne, engag\u00e9e par une soci\u00e9t\u00e9 de conseils pour d\u00e9velopper un call center en Alg\u00e9rie.\rLa nature du contrat pass\u00e9 entre l'employeur et l'employ\u00e9e pr\u00eate \u00e0 discussion; en admettant qu'il s'agisse d'un contrat de travail, la r\u00e9mun\u00e9ration de l'int\u00e9ress\u00e9e consiste uniquement en un commissionnement, ce qui ne r\u00e9pond pas aux conditions de r\u00e9mun\u00e9ration usuelles.\rA moins de retenir que la mise sur pied de ce centre d\u2019appel se fera exclusivement depuis la Suisse, le dossier ne fait pas appara\u00eetre que l\u2019activit\u00e9 de l\u2019int\u00e9ress\u00e9e s\u2019exercera sur le march\u00e9 suisse du travail.\rL'employeur n'a pas respect\u00e9 l'ordre de priorit\u00e9, puisqu'il n'a pas effectu\u00e9 de recherche de candidats pour le poste concern\u00e9 sur le march\u00e9 local du travail; or, il n'est pas \u00e0 la recherche d'un cadre ou d'un sp\u00e9cialiste, puisqu\u2019aucun pouvoir d\u00e9cisionnel n\u2019est conf\u00e9r\u00e9 au titulaire du poste, qui se borne en l\u2019esp\u00e8ce \u00e0 repr\u00e9senter son employeur. \rRejet du recours."}], "ScrapyJob": "446973/40/2238", "Zeit UTC": "10.04.2026 20:51:50", "Checksum": "35c1332299595cba8b89821b6f4d7d7d"}