{"Signatur": "VD_TC_031", "Spider": "VD_Omni", "Sprache": "fr", "Datum": "2024-10-02", "HTML": {"Datei": "VD_Omni/VD_TC_031_PE-2024-0077_2024-10-02.html", "URL": "http://www.jurisprudence.vd.ch/scripts/nph-omniscgi.exe?OmnisPlatform=WINDOWS&WebServerUrl=&WebServerScript=/scripts/nph-omniscgi.exe&OmnisLibrary=JURISWEB&OmnisClass=rtFindinfoWebHtmlService&OmnisServer=7001&Parametername=WWW_V4&Schema=VD_TA_WEB&Source=search.fiw&Aufruf=getMarkupDocument&cSprache=FRE&nF30_KEY=184275&W10_KEY=10550255&nTrefferzeile=44&Template=search/standard/results/document.fiw", "Checksum": "bf44fe093ba92e170aaee97f09ac2484"}, "Scrapedate": "2023-01-01", "Num": ["PE.2024.0077"], "Kopfzeile": [{"Sprachen": ["fr", "de", "it"], "Text": "Vaud Tribunal cantonal Cour de droit administratif et public 02.10.2024 PE.2024.0077"}], "Meta": [{"Sprachen": ["de"], "Text": "Waadt  Cour de droit administratif et public"}, {"Sprachen": ["fr"], "Text": "Vaud Tribunal cantonal Cour de droit administratif et public"}, {"Sprachen": ["it"], "Text": "Vaud  Cour de droit administratif et public"}], "Abstract": [{"Sprachen": ["de", "fr", "it"], "Text": "A.________/Service de la population (SPOP) | Recours contre le refus d\u2019octroyer une autorisation de s\u00e9jour \u00e0 un ressortissant portugais compte tenu de ses condamnations et de sa fausse d\u00e9claration \u00e0 ce sujet lors de son annonce d'arriv\u00e9e.\r\rEn l\u2019esp\u00e8ce, le recourant a \u00e9t\u00e9 condamn\u00e9 \u00e0 quatre reprises entre le 13 juin 2005 et 14 janvier 2009 puis \u00e0 cinq reprises entre le 12 f\u00e9vrier 2013 et le 14 septembre 2021 dont \u00e0 une importante peine de 3 ans d'emprisonnement pour des actes ayant \u00e9t\u00e9 commis entre juin 2009 et septembre 2020. Il ne s'agit pas \"d'actes isol\u00e9s\" comme il les qualifie. Ces derniers n'ont pas cess\u00e9 apr\u00e8s la naissance de son fils en 2019 comme il l'all\u00e8gue dans son recours. \r\rIl est vrai que le recourant a la garde partag\u00e9e sur son fils qu\u2019il accueille r\u00e9guli\u00e8rement chez lui. Cela \u00e9tant, la Cour consid\u00e8re que l\u2019int\u00e9r\u00eat public \u00e0 ce que le recourant soit \u00e9loign\u00e9 de Suisse l\u2019emporte, compte tenu de son parcours d\u00e9lictueux et de son m\u00e9pris pour l'ordre public, m\u00eame en tenant compte de l'int\u00e9r\u00eat de l'enfant \u00e0 pouvoir vivre r\u00e9guli\u00e8rement aupr\u00e8s de son p\u00e8re.\r\rRejet du recours.\rRecours au TF rejet\u00e9 (2C_549/2024).\r"}], "ScrapyJob": "446973/40/2238", "Zeit UTC": "10.04.2026 20:42:03", "Checksum": "c3dec52e36ff421775b53d8180856742"}