{"Signatur": "VD_TC_031", "Spider": "VD_Omni", "Sprache": "fr", "Datum": "2025-09-30", "HTML": {"Datei": "VD_Omni/VD_TC_031_PE-2025-0046_2025-09-30.html", "URL": "http://www.jurisprudence.vd.ch/scripts/nph-omniscgi.exe?OmnisPlatform=WINDOWS&WebServerUrl=&WebServerScript=/scripts/nph-omniscgi.exe&OmnisLibrary=JURISWEB&OmnisClass=rtFindinfoWebHtmlService&OmnisServer=7001&Parametername=WWW_V4&Schema=VD_TA_WEB&Source=search.fiw&Aufruf=getMarkupDocument&cSprache=FRE&nF30_KEY=185513&W10_KEY=10594047&nTrefferzeile=17&Template=search/standard/results/document.fiw", "Checksum": "8f45052227e651b021ad4b4938619b4e"}, "Scrapedate": "2023-01-01", "Num": ["PE.2025.0046"], "Kopfzeile": [{"Sprachen": ["fr", "de", "it"], "Text": "Vaud Tribunal cantonal Cour de droit administratif et public 30.09.2025 PE.2025.0046"}], "Meta": [{"Sprachen": ["de"], "Text": "Waadt  Cour de droit administratif et public"}, {"Sprachen": ["fr"], "Text": "Vaud Tribunal cantonal Cour de droit administratif et public"}, {"Sprachen": ["it"], "Text": "Vaud  Cour de droit administratif et public"}], "Abstract": [{"Sprachen": ["de", "fr", "it"], "Text": "A.________/Service de la population (SPOP) | Recours contre le refus du SPOP de renouveler l'autorisation de s\u00e9jour UE/AELE d'une ressortissante portugaise. Celle-ci a occup\u00e9 de 2011 \u00e0 2019 des emplois \u00e0 diff\u00e9rents taux aupr\u00e8s de diff\u00e9rents employeurs \u0153uvrant dans le domaine du nettoyage, et a b\u00e9n\u00e9fici\u00e9 du RI par intermittence depuis f\u00e9vrier 2013. Il lui a \u00e9t\u00e9 reconnu, compte tenu de ses atteintes somatiques et psychiatriques, une incapacit\u00e9 de travail globale de 50 % depuis juillet 2019, ouvrant ainsi le droit \u00e0 un quart de rente AI depuis juillet 2020. Depuis juillet 2019 \u2013 et alors qu'elle conserve une capacit\u00e9 de travail de 50 % dans une activit\u00e9 adapt\u00e9e \u00e0 ses limitations fonctionnelles -, elle n'a plus exerc\u00e9 d'activit\u00e9 professionnelle et a continu\u00e9 de percevoir le RI en sus de sa rente AI (de 352 fr.) et des prestations compl\u00e9mentaires.\rElle ne peut pas se pr\u00e9valoir du droit de demeurer, d\u00e8s lors qu'au moment de la survenance de son invalidit\u00e9, en juillet 2019, elle n'avait plus la qualit\u00e9 de travailleur au vu des salaires peu \u00e9lev\u00e9s qu'elle percevait et du fait qu'elle percevait le RI (consid. 4e).\rPas de cas de rigueur (consid. 5), le Portugal disposant notamment d'infrastructures m\u00e9dicales et hospitali\u00e8res similaires \u00e0 celles de la Suisse (consid. 5c).\rRecours rejet\u00e9.\rRecours au TF pendant (2C_631/2025).\r"}], "ScrapyJob": "446973/40/2254", "Zeit UTC": "26.04.2026 01:40:34", "Checksum": "c06c26155098d35a38d094842477f74a"}