{"Signatur": "VD_TC_031", "Spider": "VD_Omni", "Sprache": "fr", "Datum": "2004-02-23", "HTML": {"Datei": "VD_Omni/VD_TC_031_PS-2003-0053_2004-02-23.html", "URL": "http://www.jurisprudence.vd.ch/scripts/nph-omniscgi.exe?OmnisPlatform=WINDOWS&WebServerUrl=&WebServerScript=/scripts/nph-omniscgi.exe&OmnisLibrary=JURISWEB&OmnisClass=rtFindinfoWebHtmlService&OmnisServer=7001&Parametername=WWW_V4&Schema=VD_TA_WEB&Source=search.fiw&Aufruf=getMarkupDocument&cSprache=FRE&nF30_KEY=48362&W10_KEY=10550259&nTrefferzeile=39&Template=search/standard/results/document.fiw", "Checksum": "461b73f35edf01b571bb707f734343a1"}, "Scrapedate": "2023-01-01", "Num": ["PS.2003.0053"], "Kopfzeile": [{"Sprachen": ["fr", "de", "it"], "Text": "Vaud Tribunal cantonal Cour de droit administratif et public 23.02.2004 PS.2003.0053"}], "Meta": [{"Sprachen": ["de"], "Text": "Waadt  Cour de droit administratif et public"}, {"Sprachen": ["fr"], "Text": "Vaud Tribunal cantonal Cour de droit administratif et public"}, {"Sprachen": ["it"], "Text": "Vaud  Cour de droit administratif et public"}], "Abstract": [{"Sprachen": ["de", "fr", "it"], "Text": "c/ Service de l'emploi | Les indemnit\u00e9s journali\u00e8res pour perte de gain vers\u00e9es pour compenser une perte de travail due \u00e0 la maladie doivent \u00eatre prises en compte, tant dans le calcul du gain assur\u00e9, d\u00e8s lors qu'elles constituent un salaire d\u00e9terminant, que comme un gain interm\u00e9diaire."}], "ScrapyJob": "446973/40/2238", "Zeit UTC": "11.04.2026 02:34:38", "Checksum": "43b966ecddb24ec17f69d1764388fc56"}