{"Signatur": "VD_TC_031", "Spider": "VD_Omni", "Sprache": "fr", "Datum": "2005-10-19", "HTML": {"Datei": "VD_Omni/VD_TC_031_PS-2004-0194_2005-10-19.html", "URL": "http://www.jurisprudence.vd.ch/scripts/nph-omniscgi.exe?OmnisPlatform=WINDOWS&WebServerUrl=&WebServerScript=/scripts/nph-omniscgi.exe&OmnisLibrary=JURISWEB&OmnisClass=rtFindinfoWebHtmlService&OmnisServer=7001&Parametername=WWW_V4&Schema=VD_TA_WEB&Source=search.fiw&Aufruf=getMarkupDocument&cSprache=FRE&nF30_KEY=154220&W10_KEY=10550259&nTrefferzeile=42&Template=search/standard/results/document.fiw", "Checksum": "3b933206eaf1a06d85b92258aacacf1f"}, "Scrapedate": "2023-01-01", "Num": ["PS.2004.0194"], "Kopfzeile": [{"Sprachen": ["fr", "de", "it"], "Text": "Vaud Tribunal cantonal Cour de droit administratif et public 19.10.2005 PS.2004.0194"}], "Meta": [{"Sprachen": ["de"], "Text": "Waadt  Cour de droit administratif et public"}, {"Sprachen": ["fr"], "Text": "Vaud Tribunal cantonal Cour de droit administratif et public"}, {"Sprachen": ["it"], "Text": "Vaud  Cour de droit administratif et public"}], "Abstract": [{"Sprachen": ["de", "fr", "it"], "Text": "X. c/Centre social r\u00e9gional de Prilly-Echallens, Service de pr\u00e9voyance et d'aide sociales | Les frais de r\u00e9gime dont la n\u00e9cessit\u00e9 n'est pas \u00e9tablie ne peuvent \u00eatre pris en charge par les prestations de l'aide sociale."}], "ScrapyJob": "446973/40/2238", "Zeit UTC": "11.04.2026 02:08:15", "Checksum": "88a040b3e2fe5a11a61a91b4047d1a6d"}