{"Signatur": "VD_TC_031", "Spider": "VD_Omni", "Sprache": "fr", "Datum": "2005-06-07", "HTML": {"Datei": "VD_Omni/VD_TC_031_PS-2005-0056_2005-06-07.html", "URL": "http://www.jurisprudence.vd.ch/scripts/nph-omniscgi.exe?OmnisPlatform=WINDOWS&WebServerUrl=&WebServerScript=/scripts/nph-omniscgi.exe&OmnisLibrary=JURISWEB&OmnisClass=rtFindinfoWebHtmlService&OmnisServer=7001&Parametername=WWW_V4&Schema=VD_TA_WEB&Source=search.fiw&Aufruf=getMarkupDocument&cSprache=FRE&nF30_KEY=153592&W10_KEY=10550259&nTrefferzeile=15&Template=search/standard/results/document.fiw", "Checksum": "0a4494131e02700b6ab00121498560db"}, "Scrapedate": "2023-01-01", "Num": ["PS.2005.0056"], "Kopfzeile": [{"Sprachen": ["fr", "de", "it"], "Text": "Vaud Tribunal cantonal Cour de droit administratif et public 07.06.2005 PS.2005.0056"}], "Meta": [{"Sprachen": ["de"], "Text": "Waadt  Cour de droit administratif et public"}, {"Sprachen": ["fr"], "Text": "Vaud Tribunal cantonal Cour de droit administratif et public"}, {"Sprachen": ["it"], "Text": "Vaud  Cour de droit administratif et public"}], "Abstract": [{"Sprachen": ["de", "fr", "it"], "Text": "X./Centre social r\u00e9gional de l'Ouest-Lausannois, Service de pr\u00e9voyance et d'aide sociales | Le d\u00e9faut de collaboration de la requ\u00e9rante en vue de sa r\u00e9insertion professionnelle, s'il justifie une r\u00e9duction de l'aide sociale \u00e0 titre de sanction, ne peut pas fonder une suppression de celle-ci."}], "ScrapyJob": "446973/40/2238", "Zeit UTC": "11.04.2026 02:14:09", "Checksum": "a7803189af42a406ac9ae405a0da2ff2"}