{"Signatur": "VD_TC_031", "Spider": "VD_Omni", "Sprache": "fr", "Datum": "2006-06-07", "HTML": {"Datei": "VD_Omni/VD_TC_031_PS-2005-0365_2006-06-07.html", "URL": "http://www.jurisprudence.vd.ch/scripts/nph-omniscgi.exe?OmnisPlatform=WINDOWS&WebServerUrl=&WebServerScript=/scripts/nph-omniscgi.exe&OmnisLibrary=JURISWEB&OmnisClass=rtFindinfoWebHtmlService&OmnisServer=7001&Parametername=WWW_V4&Schema=VD_TA_WEB&Source=search.fiw&Aufruf=getMarkupDocument&cSprache=FRE&nF30_KEY=155629&W10_KEY=10550259&nTrefferzeile=2&Template=search/standard/results/document.fiw", "Checksum": "e3146a8e56b771332316fee21de4388f"}, "Scrapedate": "2023-01-01", "Num": ["PS.2005.0365"], "Kopfzeile": [{"Sprachen": ["fr", "de", "it"], "Text": "Vaud Tribunal cantonal Cour de droit administratif et public 07.06.2006 PS.2005.0365"}], "Meta": [{"Sprachen": ["de"], "Text": "Waadt  Cour de droit administratif et public"}, {"Sprachen": ["fr"], "Text": "Vaud Tribunal cantonal Cour de droit administratif et public"}, {"Sprachen": ["it"], "Text": "Vaud  Cour de droit administratif et public"}], "Abstract": [{"Sprachen": ["de", "fr", "it"], "Text": "X./FAREAS, Fondation vaudoise pour l'accueil des requ\u00e9rants d'asile | L'exclusion d'un requ\u00e9rant d'asile de toute structure FAREAS durant une semaine n'est pas conforme aux exigences minimales r\u00e9sultant de l'art. 12 de la Constitution f\u00e9d\u00e9rale."}], "ScrapyJob": "446973/40/2238", "Zeit UTC": "11.04.2026 01:56:15", "Checksum": "9a6750deb249afd74e9f1c6c79266ce6"}