{"Signatur": "VD_TC_031", "Spider": "VD_Omni", "Sprache": "fr", "Datum": "2007-04-27", "HTML": {"Datei": "VD_Omni/VD_TC_031_PS-2007-0013_2007-04-27.html", "URL": "http://www.jurisprudence.vd.ch/scripts/nph-omniscgi.exe?OmnisPlatform=WINDOWS&WebServerUrl=&WebServerScript=/scripts/nph-omniscgi.exe&OmnisLibrary=JURISWEB&OmnisClass=rtFindinfoWebHtmlService&OmnisServer=7001&Parametername=WWW_V4&Schema=VD_TA_WEB&Source=search.fiw&Aufruf=getMarkupDocument&cSprache=FRE&nF30_KEY=157715&W10_KEY=10550259&nTrefferzeile=1&Template=search/standard/results/document.fiw", "Checksum": "d5904f5bdc5dedcb48e147e9be190fdf"}, "Scrapedate": "2023-01-01", "Num": ["PS.2007.0013"], "Kopfzeile": [{"Sprachen": ["fr", "de", "it"], "Text": "Vaud Tribunal cantonal Cour de droit administratif et public 27.04.2007 PS.2007.0013"}], "Meta": [{"Sprachen": ["de"], "Text": "Waadt  Cour de droit administratif et public"}, {"Sprachen": ["fr"], "Text": "Vaud Tribunal cantonal Cour de droit administratif et public"}, {"Sprachen": ["it"], "Text": "Vaud  Cour de droit administratif et public"}], "Abstract": [{"Sprachen": ["de", "fr", "it"], "Text": "X. /Service de l'emploi, Office r\u00e9gional de placement de Lausanne, PERASSO | En signifiant un cong\u00e9 \"ordinaire\" \u00e0 son employ\u00e9e avant le terme de l'initiation, la recourante n'a pas respect\u00e9 ses obligations li\u00e9es \u00e0 l'octroi des allocations cantonales d'initiation au travail. Pendant la p\u00e9riode pour laquelle une allocation cantonale d'initiation au travail est vers\u00e9e, le contrat de travail ne peut \u00eatre r\u00e9sili\u00e9 que pour justes motifs au sens de l'art. 337 CO. Pas de justes motifs en l'esp\u00e8ce. Application des art. 28 ss de la loi sur l'emploi du 5 juillet 2005 (LEmp; RSV 822.11) entr\u00e9e en vigueur le 1er janvier 2006 qui r\u00e9git directement les mesures cantonales relatives \u00e0 l'insertion professionnelle alors que sous l'ancien droit cantonal (art. 42 al. 2 de la loi sur l'emploi et l'aide aux ch\u00f4meurs du 25 septembre 1996), ces mesures \u00e9taient organis\u00e9es par analogie aux mesures relatives au march\u00e9 du travail pr\u00e9vues par le droit f\u00e9d\u00e9ral (art. 65 s. LACI, 90 OACI). Recours rejet\u00e9."}], "ScrapyJob": "446973/40/2238", "Zeit UTC": "11.04.2026 01:37:28", "Checksum": "a1b70750bb0b231ff81a5a63601b64a8"}