{"Signatur": "VD_TC_031", "Spider": "VD_Omni", "Sprache": "fr", "Datum": "2008-09-12", "HTML": {"Datei": "VD_Omni/VD_TC_031_PS-2007-0213_2008-09-12.html", "URL": "http://www.jurisprudence.vd.ch/scripts/nph-omniscgi.exe?OmnisPlatform=WINDOWS&WebServerUrl=&WebServerScript=/scripts/nph-omniscgi.exe&OmnisLibrary=JURISWEB&OmnisClass=rtFindinfoWebHtmlService&OmnisServer=7001&Parametername=WWW_V4&Schema=VD_TA_WEB&Source=search.fiw&Aufruf=getMarkupDocument&cSprache=FRE&nF30_KEY=160314&W10_KEY=10550255&nTrefferzeile=42&Template=search/standard/results/document.fiw", "Checksum": "b58599510df47a06444353993247cfb9"}, "Scrapedate": "2023-01-01", "Num": ["PS.2007.0213"], "Kopfzeile": [{"Sprachen": ["fr", "de", "it"], "Text": "Vaud Tribunal cantonal Cour de droit administratif et public 12.09.2008 PS.2007.0213"}], "Meta": [{"Sprachen": ["de"], "Text": "Waadt  Cour de droit administratif et public"}, {"Sprachen": ["fr"], "Text": "Vaud Tribunal cantonal Cour de droit administratif et public"}, {"Sprachen": ["it"], "Text": "Vaud  Cour de droit administratif et public"}], "Abstract": [{"Sprachen": ["de", "fr", "it"], "Text": "X. /D\u00e9partement de l'int\u00e9rieur, EVAM, Etablissement vaudois d'accueil des migrants | Ind\u00e9pendamment du fait que le loyer du logement soit pris en charge par le demandeur d'asile ou par la FAREAS, il faut consid\u00e9rer que, pendant toute la dur\u00e9e de son h\u00e9bergement dans l'appartement qui est mis \u00e0 sa disposition, le demandeur d'asile se trouve soumis \u00e0 des r\u00e8gles de droit public. Dans ce cadre, la FAREAS peut rendre des d\u00e9cisions qui r\u00e8glent les modalit\u00e9s de l'h\u00e9bergement, par quoi il faut notamment entendre le co\u00fbt de ce dernier. On pourrait se demander dans quelle mesure le montant forfaitaire du loyer \u00e9tabli par le Guide FAREAS \u00e9tait susceptible de faire l'objet d'un contr\u00f4le abstrait par la CCST. Question laiss\u00e9e ouverte. Concernant le contr\u00f4le concret de ce forfait, le recourant n'a avanc\u00e9 aucun motif particulier propre \u00e0 d\u00e9montrer que le tribunal devrait s'\u00e9carter de l'appr\u00e9ciation de l'autorit\u00e9 intim\u00e9e. Au demeurant, il n'est aucunement av\u00e9r\u00e9 que le syst\u00e8me du forfait soit d\u00e9favorable pour les requ\u00e9rants et que l'application des r\u00e8gles du droit du bail serait plus avantageuse pour ceux-ci. R\u00e9ponse \u00e0 quelques arguments suppl\u00e9mentaires soulev\u00e9s par le recourant apr\u00e8s la notification de l'affaire-soeur PS.2007.0212."}], "ScrapyJob": "446973/40/2238", "Zeit UTC": "11.04.2026 01:05:17", "Checksum": "95fb0e0ed32b144beb5ac142f28026b2"}